{"id":682,"date":"2018-11-18T16:29:00","date_gmt":"2018-11-18T18:29:00","guid":{"rendered":"http:\/\/blogdoedvaldomagalhaes.com.br\/index.php\/2018\/11\/18\/operacao-textil-reforca-seguranca-no\/"},"modified":"2019-02-09T02:41:51","modified_gmt":"2019-02-09T04:41:51","slug":"operacao-textil-reforca-seguranca-no","status":"publish","type":"post","link":"https:\/\/blogdoedvaldomagalhaes.com.br\/index.php\/2018\/11\/18\/operacao-textil-reforca-seguranca-no\/","title":{"rendered":"Opera\u00e7\u00e3o T\u00eaxtil refor\u00e7a seguran\u00e7a no Polo de Confec\u00e7\u00f5es do Agreste"},"content":{"rendered":"<div class=\"separator\" style=\"clear: both; text-align: center;\">\n<a href=\"https:\/\/3.bp.blogspot.com\/-wTK4zOGuNdk\/W_GTHOMDw9I\/AAAAAAAA94M\/9LErggrSPN05Q1OtLDCBMCouEPBaBt5HwCLcBGAs\/s1600\/sds.jpeg\" imageanchor=\"1\" style=\"margin-left: 1em; margin-right: 1em;\"><img loading=\"lazy\" decoding=\"async\" border=\"0\" data-original-height=\"409\" data-original-width=\"748\" height=\"348\" src=\"http:\/\/blogdoedvaldomagalhaes.com.br\/wp-content\/uploads\/2018\/11\/sds.jpeg\" width=\"640\" \/><\/a><\/div>\n<div style=\"text-align: justify;\">\n<\/div>\n<div style=\"text-align: justify;\">\nA Secretaria de Defesa Social lan\u00e7ou , nesse s\u00e1bado (17), a Opera\u00e7\u00e3o T\u00eaxtil 2018, com o objetivo de refor\u00e7ar a seguran\u00e7a nas feiras de Santa Cruz do Capibaribe, Toritama e Caruaru, no Agreste do Estado e nas rotas de acesso aos polos t\u00eaxteis. Nos dias das feiras tradicionais, quando h\u00e1 aquecimento do com\u00e9rcio dessas cidades, haver\u00e1 incremento do policiamento ostensivo e instala\u00e7\u00e3o de delegacias m\u00f3veis no Moda Center, em Santa Cruz do Capibaribe, e tamb\u00e9m no Parque das Feiras de Toritama. Al\u00e9m da ativa\u00e7\u00e3o de equipes extras de policiais civis para atua\u00e7\u00e3o na feira de Caruaru.<\/div>\n<div style=\"text-align: justify;\">\n<\/div>\n<div style=\"text-align: justify;\">\nAs delegacias m\u00f3veis s\u00e3o \u00f4nibus especialmente adaptados para executar as mesmas atividades de uma unidade fixa da Pol\u00edcia Civil. Instaladas pr\u00f3ximas \u00e0s \u00e1reas de com\u00e9rcio livre, essas unidades contam, cada uma, com salas prontas para ouvidas e registro de queixa e ir\u00e3o funcionar dando o necess\u00e1rio suporte no per\u00edodo de atividades comerciais. Essas equipes avan\u00e7adas da Pol\u00edcia Civil atuar\u00e3o para dar agilidade aos atendimentos \u00e0 popula\u00e7\u00e3o e \u00e0s ocorr\u00eancias trazidas pelas equipes da PMPE, tamb\u00e9m refor\u00e7adas. Lembramos que outra importante feira do Agreste, a Feira de Caruaru, j\u00e1 conta com um plant\u00e3o avan\u00e7ado da PCPE, em uma estrutura montada no pr\u00f3prio p\u00e1tio da feira.<\/div>\n<div style=\"text-align: justify;\">\n<\/div>\n<div style=\"text-align: justify;\">\nNa a\u00e7\u00e3o preventiva e repressiva, ser\u00e3o empregados efetivos n\u00e3o apenas dos batalh\u00f5es de \u00e1rea desses munic\u00edpios, de responsabilidade do 24\u00ba BPM e do 4\u00b0 BPM, como tamb\u00e9m do 1\u00ba Batalh\u00e3o Integrado Especializado de Policiamento (BIEsp) e policiais do Batalh\u00e3o de Pol\u00edcia Rodovi\u00e1ria (BPRv) fiscalizando as rodovias estaduais e locais de grande aglomera\u00e7\u00e3o de pessoas em dias de feiras. Entre as modalidades com atua\u00e7\u00e3o nessa opera\u00e7\u00e3o, est\u00e1 a Ronda Ostensiva com Apoio de Motocicleta (Rocam) e a Radiopatrulha. Uma aeronave do Grupo T\u00e1tico A\u00e9reo (GTA), atuar\u00e1 permanentemente dando refor\u00e7o nas opera\u00e7\u00f5es de solo com a\u00e7\u00f5es aerot\u00e1ticas nesses locais e apoiando as a\u00e7\u00f5es policiais em terra.<\/div>\n<div style=\"text-align: justify;\">\n<\/div>\n<div style=\"text-align: justify;\">\nO Corpo de Bombeiros Militares de Pernambuco (CBMPE) tamb\u00e9m est\u00e1 colaborando com a Opera\u00e7\u00e3o T\u00eaxtil 2018, por meio de a\u00e7\u00f5es preventivas e educativas voltadas para os sistemas de seguran\u00e7a contra inc\u00eandio e de evacua\u00e7\u00e3o de pessoas nas estruturas montadas para funcionamento das feiras.<\/div>\n<div style=\"text-align: justify;\">\n<\/div>\n<div style=\"text-align: justify;\">\nNos locais de feira, ainda haver\u00e1 a possibilidade de realizar, na hora, o cadastro no sistema do Alerta Celular, um processo bastante simples e r\u00e1pido, que tamb\u00e9m pode ser feito no portal da Secretaria de Defesa Social (www.sds.pe.gov.br), acessando a ferramenta Alerta Celular, disponibilizada no painel Destaque, no lado direito da p\u00e1gina.<\/div>\n<div style=\"text-align: justify;\">\n<\/div>\n<div style=\"text-align: justify;\">\nLan\u00e7ado em mar\u00e7o de 2017, o programa Alerta Celular j\u00e1 ajudou a recuperar 5.097 aparelhos celulares e tem sido fundamental para redu\u00e7\u00e3o desse tipo de crime em Pernambuco.<\/div>\n<div style=\"text-align: justify;\">\n<\/div>\n<div style=\"text-align: justify;\">\n<\/div>\n","protected":false},"excerpt":{"rendered":"<p>A Secretaria de Defesa Social lan\u00e7ou , nesse s\u00e1bado (17), a Opera\u00e7\u00e3o T\u00eaxtil 2018, com o objetivo de refor\u00e7ar a&hellip;<\/p>\n","protected":false},"author":1,"featured_media":0,"comment_status":"open","ping_status":"open","sticky":false,"template":"","format":"standard","meta":{"footnotes":""},"categories":[1],"tags":[2,619,13],"class_list":["post-682","post","type-post","status-publish","format-standard","hentry","category-sem-categoria","tag-blog-do-edvaldo-magalhaes","tag-operacao-textil-reforca-seguranca-no-polo-de-confeccoes-do-agreste","tag-policial"],"_links":{"self":[{"href":"https:\/\/blogdoedvaldomagalhaes.com.br\/index.php\/wp-json\/wp\/v2\/posts\/682","targetHints":{"allow":["GET"]}}],"collection":[{"href":"https:\/\/blogdoedvaldomagalhaes.com.br\/index.php\/wp-json\/wp\/v2\/posts"}],"about":[{"href":"https:\/\/blogdoedvaldomagalhaes.com.br\/index.php\/wp-json\/wp\/v2\/types\/post"}],"author":[{"embeddable":true,"href":"https:\/\/blogdoedvaldomagalhaes.com.br\/index.php\/wp-json\/wp\/v2\/users\/1"}],"replies":[{"embeddable":true,"href":"https:\/\/blogdoedvaldomagalhaes.com.br\/index.php\/wp-json\/wp\/v2\/comments?post=682"}],"version-history":[{"count":1,"href":"https:\/\/blogdoedvaldomagalhaes.com.br\/index.php\/wp-json\/wp\/v2\/posts\/682\/revisions"}],"predecessor-version":[{"id":35959,"href":"https:\/\/blogdoedvaldomagalhaes.com.br\/index.php\/wp-json\/wp\/v2\/posts\/682\/revisions\/35959"}],"wp:attachment":[{"href":"https:\/\/blogdoedvaldomagalhaes.com.br\/index.php\/wp-json\/wp\/v2\/media?parent=682"}],"wp:term":[{"taxonomy":"category","embeddable":true,"href":"https:\/\/blogdoedvaldomagalhaes.com.br\/index.php\/wp-json\/wp\/v2\/categories?post=682"},{"taxonomy":"post_tag","embeddable":true,"href":"https:\/\/blogdoedvaldomagalhaes.com.br\/index.php\/wp-json\/wp\/v2\/tags?post=682"}],"curies":[{"name":"wp","href":"https:\/\/api.w.org\/{rel}","templated":true}]}}