{"id":68198,"date":"2021-03-24T14:21:29","date_gmt":"2021-03-24T17:21:29","guid":{"rendered":"https:\/\/blogdoedvaldomagalhaes.com.br\/?p=68198"},"modified":"2021-03-24T14:24:26","modified_gmt":"2021-03-24T17:24:26","slug":"carga-de-265-mil-macos-de-cigarro-paraguaio-e-apreendida-na-br-232","status":"publish","type":"post","link":"https:\/\/blogdoedvaldomagalhaes.com.br\/index.php\/2021\/03\/24\/carga-de-265-mil-macos-de-cigarro-paraguaio-e-apreendida-na-br-232\/","title":{"rendered":"Carga de 26,5 mil ma\u00e7os de cigarro paraguaio \u00e9 apreendida na BR 232"},"content":{"rendered":"<p style=\"text-align: justify;\"><span style=\"font-size: inherit;\">Uma carga de 26,5 mil ma\u00e7os de cigarro de origem paraguaia que era transportada em um caminh\u00e3o foi apreendida na ter\u00e7a-feira (23), na BR 232, em Serra Talhada, no Sert\u00e3o de Pernambuco. Dois homens foram detidos pelo 14\u00ba Batalh\u00e3o de Pol\u00edcia Militar (BPM) e Pol\u00edcia Rodovi\u00e1ria Federal (PRF).<\/span><\/p>\n<p style=\"text-align: justify;\">Policiais realizavam uma fiscaliza\u00e7\u00e3o no Km 434 da rodovia, quando observaram um caminh\u00e3o quebrado no acostamento da rodovia. Ao verificar o compartimento de carga do ve\u00edculo, foram encontradas 530 caixas de cigarro.<\/p>\n<p style=\"text-align: justify;\">O motorista informou que havia sido contratado para transportar o ve\u00edculo do Piau\u00ed at\u00e9 o Recife. A carga est\u00e1 avaliada em cerca de R$132,5 mil.<\/p>\n<p style=\"text-align: justify;\">A equipe descobriu tamb\u00e9m que um carro realizava a escolta do caminh\u00e3o e conseguiu apreender o ve\u00edculo ap\u00f3s um acompanhamento na rodovia. O motorista foi detido e encaminhado junto com o caminhoneiro \u00e0 Delegacia de Pol\u00edcia Federal de Salgueiro, que ir\u00e1 investigar o caso.<\/p>\n\n\n<figure class=\"wp-block-image size-large\"><img loading=\"lazy\" decoding=\"async\" width=\"768\" height=\"1024\" src=\"https:\/\/blogdoedvaldomagalhaes.com.br\/wp-content\/uploads\/2021\/03\/IMG-20210324-WA0061-768x1024.jpg\" alt=\"\" class=\"wp-image-68203\" srcset=\"https:\/\/blogdoedvaldomagalhaes.com.br\/wp-content\/uploads\/2021\/03\/IMG-20210324-WA0061-768x1024.jpg 768w, https:\/\/blogdoedvaldomagalhaes.com.br\/wp-content\/uploads\/2021\/03\/IMG-20210324-WA0061-225x300.jpg 225w, https:\/\/blogdoedvaldomagalhaes.com.br\/wp-content\/uploads\/2021\/03\/IMG-20210324-WA0061.jpg 864w\" sizes=\"auto, (max-width: 768px) 100vw, 768px\" \/><figcaption>Fotos: PRF\/Divulga\u00e7\u00e3o<\/figcaption><\/figure>\n","protected":false},"excerpt":{"rendered":"<p>Uma carga de 26,5 mil ma\u00e7os de cigarro de origem paraguaia que era transportada em um caminh\u00e3o foi apreendida na&hellip;<\/p>\n","protected":false},"author":1,"featured_media":68202,"comment_status":"open","ping_status":"open","sticky":false,"template":"","format":"standard","meta":{"footnotes":""},"categories":[14121],"tags":[2,19532,21159,6],"class_list":["post-68198","post","type-post","status-publish","format-standard","has-post-thumbnail","hentry","category-policial","tag-blog-do-edvaldo-magalhaes","tag-blog-mais-acessado-e-visualizado-de-caruaru-e-regiao","tag-carga-de-macos-de-cigarro-paraguaio-e-apreendida-na-br-232","tag-noticias"],"_links":{"self":[{"href":"https:\/\/blogdoedvaldomagalhaes.com.br\/index.php\/wp-json\/wp\/v2\/posts\/68198","targetHints":{"allow":["GET"]}}],"collection":[{"href":"https:\/\/blogdoedvaldomagalhaes.com.br\/index.php\/wp-json\/wp\/v2\/posts"}],"about":[{"href":"https:\/\/blogdoedvaldomagalhaes.com.br\/index.php\/wp-json\/wp\/v2\/types\/post"}],"author":[{"embeddable":true,"href":"https:\/\/blogdoedvaldomagalhaes.com.br\/index.php\/wp-json\/wp\/v2\/users\/1"}],"replies":[{"embeddable":true,"href":"https:\/\/blogdoedvaldomagalhaes.com.br\/index.php\/wp-json\/wp\/v2\/comments?post=68198"}],"version-history":[{"count":2,"href":"https:\/\/blogdoedvaldomagalhaes.com.br\/index.php\/wp-json\/wp\/v2\/posts\/68198\/revisions"}],"predecessor-version":[{"id":68204,"href":"https:\/\/blogdoedvaldomagalhaes.com.br\/index.php\/wp-json\/wp\/v2\/posts\/68198\/revisions\/68204"}],"wp:featuredmedia":[{"embeddable":true,"href":"https:\/\/blogdoedvaldomagalhaes.com.br\/index.php\/wp-json\/wp\/v2\/media\/68202"}],"wp:attachment":[{"href":"https:\/\/blogdoedvaldomagalhaes.com.br\/index.php\/wp-json\/wp\/v2\/media?parent=68198"}],"wp:term":[{"taxonomy":"category","embeddable":true,"href":"https:\/\/blogdoedvaldomagalhaes.com.br\/index.php\/wp-json\/wp\/v2\/categories?post=68198"},{"taxonomy":"post_tag","embeddable":true,"href":"https:\/\/blogdoedvaldomagalhaes.com.br\/index.php\/wp-json\/wp\/v2\/tags?post=68198"}],"curies":[{"name":"wp","href":"https:\/\/api.w.org\/{rel}","templated":true}]}}