{"id":68190,"date":"2021-03-24T12:52:49","date_gmt":"2021-03-24T15:52:49","guid":{"rendered":"https:\/\/blogdoedvaldomagalhaes.com.br\/?p=68190"},"modified":"2021-03-24T21:27:38","modified_gmt":"2021-03-25T00:27:38","slug":"secretaria-de-saude-pe-divulga-recorde-de-novos-casos-de-covid-19-nas-ultimas-24-horas","status":"publish","type":"post","link":"https:\/\/blogdoedvaldomagalhaes.com.br\/index.php\/2021\/03\/24\/secretaria-de-saude-pe-divulga-recorde-de-novos-casos-de-covid-19-nas-ultimas-24-horas\/","title":{"rendered":"Secretaria de Sa\u00fade-PE divulga recorde de novos casos de Covid-19 nas \u00faltimas 24 horas"},"content":{"rendered":"<p style=\"text-align: justify;\"><span style=\"font-size: inherit;\">A Secretaria Estadual de Sa\u00fade (SES-PE) registrou, nesta quarta-feira (24\/03), 2.738 casos da Covid-19. Entre os confirmados hoje, 133 (5%) s\u00e3o casos de S\u00edndrome Respirat\u00f3ria Aguda Grave (SRAG) e 2.605 (95%) s\u00e3o leves. Agora, Pernambuco totaliza 336.236 casos confirmados da doen\u00e7a, sendo 34.969 graves e 301.267 leves, que est\u00e3o distribu\u00eddos por todos os 184 munic\u00edpios pernambucanos, al\u00e9m do arquip\u00e9lago de Fernando de Noronha.<\/span><\/p>\n<p style=\"text-align: justify;\"><span lang=\"PT\">Al\u00e9m disso, o boletim registra um total de 286.781 pacientes recuperados da doen\u00e7a. Destes, 20.595 eram pacientes graves, que necessitaram de internamento hospitalar, e 266.186 eram casos leves.<\/span><\/p>\n<p style=\"text-align: justify;\"><span lang=\"PT\">Tamb\u00e9m foram confirmados laboratorialmente 45 novos \u00f3bitos (29 masculinos e 16 femininos), ocorridos entre os dias 16\/02\/2021 e 23\/03\/2021. As novas mortes\u00a0s\u00e3o\u00a0de pessoas residentes dos munic\u00edpios de Ara\u00e7oiaba (1), Bet\u00e2nia (1), Brejo da Madre de Deus (2), Cabo de Santo Agostinho (1), Camaragibe (1), Garanhuns (1), Gravat\u00e1 (1), Ipubi (1), Jaboat\u00e3o dos Guararapes (2), Jata\u00faba (1), Lagora do Carro (1), Macaparana (1), Moreno (1), Olinda (5), Paudalho (3), Paulista (3), Petrolina (2), Recife (7), Salgueiro (1), S\u00e3o Jos\u00e9 da Coroa Grande (1), S\u00e3o Louren\u00e7o da Mata (1), Serra Talhada (4), Tracunha\u00e9m (1), Vertentes (1) e Vic\u00eancia (1). Com isso, o Estado totaliza 11.807 mortes pela doen\u00e7a.<\/span><\/p>\n<p style=\"text-align: justify;\"><span lang=\"PT\">Os pacientes tinham idades entre 34 e 92 anos. As faixas et\u00e1rias s\u00e3o: 30 a 39 (5), 40 a 49 (1), 50 a 59 (7), 60 a<\/span><span lang=\"PT\">\u00a069 (13), 70 a 79 (12) e 80 ou mais (7).\u00a0Do total, 34 tinham doen\u00e7as pr\u00e9-existentes: diabetes (17), doen\u00e7a cardiovascular (14), hipertens\u00e3o (11), tabagismo\/hist\u00f3rico de tabagismo (8), obesidade (4), doen\u00e7a renal (3), hist\u00f3rico de AVC (2), c\u00e2ncer (2), imunossupress\u00e3o (3), doen\u00e7a de Alzheimer (1), doen\u00e7a hematol\u00f3gica (1), doen\u00e7a hep\u00e1tica (1), doen\u00e7a respirat\u00f3ria (1), doen\u00e7a urol\u00f3gica (1) e hist\u00f3rico de etilismo (1) &#8211; um paciente pode ter mais de uma comorbidade.\u00a0Os demais seguem em investiga\u00e7\u00e3o.<\/span><\/p>\n<p style=\"text-align: justify;\"><span lang=\"PT\">Com rela\u00e7\u00e3o \u00e0 testagem dos profissionais de sa\u00fade com sintomas de gripe, em Pernambuco, at\u00e9 agora, 27.453 casos foram confirmados e 46.799 descartados.\u00a0As testagens entre os trabalhadores do setor abrangem os profissionais de todas as unidades de sa\u00fade, sejam da rede p\u00fablica (estadual e municipal) ou privada. O Governo de Pernambuco foi o primeiro do pa\u00eds a criar um protocolo para testar e afastar os profissionais da \u00e1rea da sa\u00fade com sintomas gripais. O boletim de hoje tamb\u00e9m traz, em sua parte final, o detalhamento da testagem destes profissionais.<\/span><\/p>\n<p style=\"text-align: justify;\"><b><span lang=\"PT\">BALAN\u00c7O DA VACINA\u00c7\u00c3O &#8211;<\/span><\/b><span lang=\"PT\">\u00a0Pernambuco j\u00e1 aplicou 789.266 doses da vacina contra a Covid-19, das quais 593.985 foram primeiras doses. Ao todo, foram feitas a primeira dose em 195.210 trabalhadores de sa\u00fade; 24.466 povos ind\u00edgenas aldeados; 704 em comunidades quilombolas; 6.097 idosos em Institui\u00e7\u00f5es de Longa Perman\u00eancia; 6.996 idosos de 64 a 69 anos; 186.543 idosos de 70 a 79 anos; 89.276 idosos de 80 a 84 anos; 83.813 idosos a partir de 85 anos; al\u00e9m de 880 pessoas com defici\u00eancia institucionalizadas.<\/span><\/p>\n<p style=\"text-align: justify;\"><span lang=\"PT\">Em rela\u00e7\u00e3o \u00e0 segunda dose, j\u00e1 foram beneficiados 144.872 trabalhadores de sa\u00fade; 23.230 povos ind\u00edgenas aldeados; 4.337 idosos institucionalizados; 957 idosos de 70 a 79 anos; 19.267 idosos de 80 a 84 anos; 1.995 idosos a partir de 85 anos e 623 pessoas com defici\u00eancia institucionalizadas; totalizando 195.281 pessoas que j\u00e1 finalizaram o esquema.<\/span><\/p>\n<p style=\"text-align: justify;\"><b><span lang=\"PT\">AGULHAS E SERINGAS &#8211;<\/span><\/b><span lang=\"PT\">\u00a0O governador Paulo C\u00e2mara anunciou, durante pronunciamento nesta quarta-feira (24.03), o in\u00edcio da distribui\u00e7\u00e3o de mais de 1,5 milh\u00e3o de agulhas e seringas aos\u00a0<\/span>munic\u00edpios pernambucanos, para que possam dar prosseguimento \u00e0 imuniza\u00e7\u00e3o da popula\u00e7\u00e3o. Com esse novo lote, j\u00e1 s\u00e3o tr\u00eas milh\u00f5es de insumos desse tipo enviados \u00e0s prefeituras. Ele destacou que a a\u00e7\u00e3o est\u00e1 sendo poss\u00edvel porque o Estado entende a import\u00e2ncia desses materiais para a vacina\u00e7\u00e3o, essencial no enfrentamento ao novo coronav\u00edrus. Por isso, se programou para abastecer as unidades de sa\u00fade.<\/p>\n<p style=\"text-align: justify;\"><span lang=\"PT\">Paulo C\u00e2mara lembrou que, h\u00e1 quase um ano, Pernambuco contabilizava a primeira morte em decorr\u00eancia da Covid-19. De mar\u00e7o do ano passado at\u00e9 hoje, j\u00e1 foram registrados 11.807 \u00f3bitos provocados pela doen\u00e7a no Estado. \u201cTemos nesse momento, 1.325 pessoas internadas em leitos de UTI por causa da Covid-19. \u00c9 um quadro grave, de emerg\u00eancia sanit\u00e1ria, que precisa ser enfrentado com todos os recursos materiais e humanos dispon\u00edveis, para que mais vidas n\u00e3o sejam perdidas\u201d, afirmou.<\/span><\/p>\n<p style=\"text-align: justify;\"><span lang=\"PT\">\u201cO Governo de Pernambuco tem feito sua parte para que tenhamos sucesso na campanha de vacina\u00e7\u00e3o contra a Covid-19. Desde o come\u00e7o garantimos que ir\u00edamos encaminhar as seringas e agulhas para as a\u00e7\u00f5es em sua totalidade, e estamos cumprindo. Com o avan\u00e7o das etapas, novas remessas ser\u00e3o enviadas, para que todos os pernambucanos dos grupos priorit\u00e1rios sejam imunizados\u201d, refor\u00e7ou o secret\u00e1rio estadual de Sa\u00fade, Andr\u00e9 Longo.<\/span><\/p>\n<p style=\"text-align: justify;\"><span lang=\"PT\">O governador Paulo C\u00e2mara tamb\u00e9m destacou o esfor\u00e7o da sua gest\u00e3o para ampliar o n\u00famero de leitos no \u00faltimo m\u00eas. Entretanto, afirmou que, diante do atual cen\u00e1rio, n\u00e3o ser\u00e1 poss\u00edvel interromper a acelera\u00e7\u00e3o da dissemina\u00e7\u00e3o da Covid-19 sem passar pelo per\u00edodo de quarentena. \u201cNo \u00faltimo domingo, tivemos 55% de isolamento social, maior patamar registrado este ano. Agrade\u00e7o a todos que compreenderam a import\u00e2ncia de dar a sua contribui\u00e7\u00e3o, mesmo com todos os sacrif\u00edcios de um ano de pandemia. Precisamos aumentar os \u00edndices de isolamento para aliviar a press\u00e3o sobre o sistema de sa\u00fade. Evite sair de casa. Se for necess\u00e1rio sair, use m\u00e1scara o tempo todo. Essas atitudes simples salvam vidas\u201d, completou.<\/span><\/p>\n<p style=\"text-align: justify;\"><b><span lang=\"PT\">UTI &#8211;<\/span><\/b><span lang=\"PT\">\u00a0A rede de sa\u00fade p\u00fablica de Pernambuco segue sendo refor\u00e7ada para o atendimento aos casos graves da Covid-19. Nesta quarta-feira (24\/03),\u00a0 j\u00e1 entraram em opera\u00e7\u00e3o 20 novos leitos de UTI nos hospitais da Mulher do Recife (5), Bar\u00e3o de Lucena (5), ambos no Recife, e tamb\u00e9m no Regional de Palmares (10). Com isso, Pernambuco ultrapassa a marca dos 2,6 mil leitos para Covid-19. Ao todo, j\u00e1 2.611 vagas, sendo 1.437 de UTI.<\/span><\/p>\n<p style=\"text-align: justify;\"><b><span lang=\"PT\">CONASS &#8211;<\/span><\/b><span lang=\"PT\">\u00a0Durante Assembleia para a elei\u00e7\u00e3o da nova diretoria do Conselho Nacional de Secret\u00e1rios de Sa\u00fade (Conass), realizada de forma virtual na tarde desta quarta-feira (24\/03), o secret\u00e1rio de Pernambuco, Andr\u00e9 Longo, foi reconduzido, por unanimidade, ao cargo de vice-presidente do \u00f3rg\u00e3o para a regi\u00e3o Nordeste. A elei\u00e7\u00e3o tamb\u00e9m reconduziu Carlos Lula, secret\u00e1rio do Maranh\u00e3o, como presidente da entidade.<\/span><\/p>\n<p style=\"text-align: justify;\"><span lang=\"PT\">\u201cFico honrado em ser reconduzido por aclama\u00e7\u00e3o, ao lado do Presidente Carlos Lula, para mais uma vez compor a diretoria do Conass. Neste momento de agravamento da Pandemia no pa\u00eds, o Conselho tem desempenhado papel fundamental para dar unidade no enfrentamento \u00e0 Covid-19 entre os Estados. Temos defendido, a partir do amplo di\u00e1logo interno, a necessidade de senso de urg\u00eancia no enfrentamento a este dif\u00edcil momento, com o resgate de uma coordena\u00e7\u00e3o nacional \u00e0 crise sanit\u00e1ria, sempre respeitando as esferas de pactua\u00e7\u00e3o do SUS. Tamb\u00e9m precisamos de um amplo processo de comunica\u00e7\u00e3o com a sociedade, que massifique os cuidados necess\u00e1rios neste momento de pandemia, e a acelera\u00e7\u00e3o do processo de aquisi\u00e7\u00e3o de vacinas\u201d, destacou Andr\u00e9 Longo.<\/span><\/p>\n<p style=\"text-align: justify;\"><span lang=\"PT\">O Conselho Nacional de Secret\u00e1rios de Sa\u00fade congrega os Secret\u00e1rios de Estado da Sa\u00fade dos 27 Estados e do Distrito Federal com o objetivo de fortalecer as secretarias estaduais de sa\u00fade, torn\u00e1-las mais participativas na constru\u00e7\u00e3o do setor sa\u00fade e represent\u00e1-las politicamente.<\/span><\/p>\n","protected":false},"excerpt":{"rendered":"<p>A Secretaria Estadual de Sa\u00fade (SES-PE) registrou, nesta quarta-feira (24\/03), 2.738 casos da Covid-19. Entre os confirmados hoje, 133 (5%)&hellip;<\/p>\n","protected":false},"author":1,"featured_media":68191,"comment_status":"open","ping_status":"open","sticky":false,"template":"","format":"standard","meta":{"footnotes":""},"categories":[14120],"tags":[2,19532,19670,21156],"class_list":["post-68190","post","type-post","status-publish","format-standard","has-post-thumbnail","hentry","category-noticias","tag-blog-do-edvaldo-magalhaes","tag-blog-mais-acessado-e-visualizado-de-caruaru-e-regiao","tag-novo-coronavirus","tag-secretaria-de-saude-pe-divulga-recorde-de-novos-casos-de-covid-19-nas-ultimas-24-horas"],"_links":{"self":[{"href":"https:\/\/blogdoedvaldomagalhaes.com.br\/index.php\/wp-json\/wp\/v2\/posts\/68190","targetHints":{"allow":["GET"]}}],"collection":[{"href":"https:\/\/blogdoedvaldomagalhaes.com.br\/index.php\/wp-json\/wp\/v2\/posts"}],"about":[{"href":"https:\/\/blogdoedvaldomagalhaes.com.br\/index.php\/wp-json\/wp\/v2\/types\/post"}],"author":[{"embeddable":true,"href":"https:\/\/blogdoedvaldomagalhaes.com.br\/index.php\/wp-json\/wp\/v2\/users\/1"}],"replies":[{"embeddable":true,"href":"https:\/\/blogdoedvaldomagalhaes.com.br\/index.php\/wp-json\/wp\/v2\/comments?post=68190"}],"version-history":[{"count":2,"href":"https:\/\/blogdoedvaldomagalhaes.com.br\/index.php\/wp-json\/wp\/v2\/posts\/68190\/revisions"}],"predecessor-version":[{"id":68220,"href":"https:\/\/blogdoedvaldomagalhaes.com.br\/index.php\/wp-json\/wp\/v2\/posts\/68190\/revisions\/68220"}],"wp:featuredmedia":[{"embeddable":true,"href":"https:\/\/blogdoedvaldomagalhaes.com.br\/index.php\/wp-json\/wp\/v2\/media\/68191"}],"wp:attachment":[{"href":"https:\/\/blogdoedvaldomagalhaes.com.br\/index.php\/wp-json\/wp\/v2\/media?parent=68190"}],"wp:term":[{"taxonomy":"category","embeddable":true,"href":"https:\/\/blogdoedvaldomagalhaes.com.br\/index.php\/wp-json\/wp\/v2\/categories?post=68190"},{"taxonomy":"post_tag","embeddable":true,"href":"https:\/\/blogdoedvaldomagalhaes.com.br\/index.php\/wp-json\/wp\/v2\/tags?post=68190"}],"curies":[{"name":"wp","href":"https:\/\/api.w.org\/{rel}","templated":true}]}}