{"id":68182,"date":"2021-03-24T09:11:13","date_gmt":"2021-03-24T12:11:13","guid":{"rendered":"https:\/\/blogdoedvaldomagalhaes.com.br\/?p=68182"},"modified":"2021-03-24T11:05:27","modified_gmt":"2021-03-24T14:05:27","slug":"corrente-solidaria-vitima-de-covid-19-sofre-avc-isquemico-e-precisa-de-ajuda","status":"publish","type":"post","link":"https:\/\/blogdoedvaldomagalhaes.com.br\/index.php\/2021\/03\/24\/corrente-solidaria-vitima-de-covid-19-sofre-avc-isquemico-e-precisa-de-ajuda\/","title":{"rendered":"Corrente Solid\u00e1ria: V\u00edtima de Covid-19 sofre AVC isqu\u00eamico e precisa de ajuda"},"content":{"rendered":"<p style=\"text-align: justify;\">Campanha de Arrecada\u00e7\u00e3o para Biel: Corrente Solid\u00e1ria &#8220;For\u00e7a Biel&#8221;. Gabriel, teve covid-19 e seguida AVC isqu\u00eamico, e precisa de ajuda. Leia o relato dele abaixo.<\/p>\n<p style=\"text-align: justify;\">Meu nome \u00e9 Gabriel sou casado com Cec\u00edlia e tenho 2 filhas. Elena e Catarina. Adquiri covid, e sem sintomas, no domingo (21\/03), tive um AVC isqu\u00eamico, perdi a fala e os movimentos do lado direito. N\u00e3o tenho plano de sa\u00fade e nos primeiros socorros a medica\u00e7\u00e3o n\u00e3o surtiu efeito e tive que ser submetido a um procedimento (que retiraria o trombo), que o SUS n\u00e3o cobre e correndo risco de vida, fui transferido para fazer o mesmo em hospital particular, o que ocasionou um edema grande no c\u00e9rebro. Devido ao edema fui submetido a uma delicada cirurgia para descompress\u00e3o do c\u00e9rebro e estou em UTI, entubado e sedado. Estou sendo transferido para o HC no Recife, para continuar o tratamento de recupera\u00e7\u00e3o. Minha fam\u00edlia est\u00e1 tentando todo recurso poss\u00edvel, mas as despesas s\u00e3o muito altas para conseguirmos pagar. S\u00f3 vamos conseguir com ajuda de amigos e pessoas sensibilizadas com o meu estado.<\/p>\n\n\n<figure class=\"wp-block-image size-large\"><img loading=\"lazy\" decoding=\"async\" width=\"825\" height=\"1024\" src=\"https:\/\/blogdoedvaldomagalhaes.com.br\/wp-content\/uploads\/2021\/03\/IMG-20210324-WA0023-825x1024.jpg\" alt=\"\" class=\"wp-image-68184\" srcset=\"https:\/\/blogdoedvaldomagalhaes.com.br\/wp-content\/uploads\/2021\/03\/IMG-20210324-WA0023-825x1024.jpg 825w, https:\/\/blogdoedvaldomagalhaes.com.br\/wp-content\/uploads\/2021\/03\/IMG-20210324-WA0023-242x300.jpg 242w, https:\/\/blogdoedvaldomagalhaes.com.br\/wp-content\/uploads\/2021\/03\/IMG-20210324-WA0023-768x953.jpg 768w, https:\/\/blogdoedvaldomagalhaes.com.br\/wp-content\/uploads\/2021\/03\/IMG-20210324-WA0023.jpg 1031w\" sizes=\"auto, (max-width: 825px) 100vw, 825px\" \/><figcaption>Foto enviada ao Blog, pela fam\u00edlia<\/figcaption><\/figure>\n","protected":false},"excerpt":{"rendered":"<p>Campanha de Arrecada\u00e7\u00e3o para Biel: Corrente Solid\u00e1ria &#8220;For\u00e7a Biel&#8221;. Gabriel, teve covid-19 e seguida AVC isqu\u00eamico, e precisa de ajuda.&hellip;<\/p>\n","protected":false},"author":1,"featured_media":68183,"comment_status":"open","ping_status":"open","sticky":false,"template":"","format":"standard","meta":{"footnotes":""},"categories":[14120],"tags":[2,19532,21154,1950],"class_list":["post-68182","post","type-post","status-publish","format-standard","has-post-thumbnail","hentry","category-noticias","tag-blog-do-edvaldo-magalhaes","tag-blog-mais-acessado-e-visualizado-de-caruaru-e-regiao","tag-corrente-solidaria-vitima-de-covid-19-sofre-avc-isquemico-e-precisa-de-ajuda","tag-noticias-de-caruaru"],"_links":{"self":[{"href":"https:\/\/blogdoedvaldomagalhaes.com.br\/index.php\/wp-json\/wp\/v2\/posts\/68182","targetHints":{"allow":["GET"]}}],"collection":[{"href":"https:\/\/blogdoedvaldomagalhaes.com.br\/index.php\/wp-json\/wp\/v2\/posts"}],"about":[{"href":"https:\/\/blogdoedvaldomagalhaes.com.br\/index.php\/wp-json\/wp\/v2\/types\/post"}],"author":[{"embeddable":true,"href":"https:\/\/blogdoedvaldomagalhaes.com.br\/index.php\/wp-json\/wp\/v2\/users\/1"}],"replies":[{"embeddable":true,"href":"https:\/\/blogdoedvaldomagalhaes.com.br\/index.php\/wp-json\/wp\/v2\/comments?post=68182"}],"version-history":[{"count":2,"href":"https:\/\/blogdoedvaldomagalhaes.com.br\/index.php\/wp-json\/wp\/v2\/posts\/68182\/revisions"}],"predecessor-version":[{"id":68186,"href":"https:\/\/blogdoedvaldomagalhaes.com.br\/index.php\/wp-json\/wp\/v2\/posts\/68182\/revisions\/68186"}],"wp:featuredmedia":[{"embeddable":true,"href":"https:\/\/blogdoedvaldomagalhaes.com.br\/index.php\/wp-json\/wp\/v2\/media\/68183"}],"wp:attachment":[{"href":"https:\/\/blogdoedvaldomagalhaes.com.br\/index.php\/wp-json\/wp\/v2\/media?parent=68182"}],"wp:term":[{"taxonomy":"category","embeddable":true,"href":"https:\/\/blogdoedvaldomagalhaes.com.br\/index.php\/wp-json\/wp\/v2\/categories?post=68182"},{"taxonomy":"post_tag","embeddable":true,"href":"https:\/\/blogdoedvaldomagalhaes.com.br\/index.php\/wp-json\/wp\/v2\/tags?post=68182"}],"curies":[{"name":"wp","href":"https:\/\/api.w.org\/{rel}","templated":true}]}}