{"id":68176,"date":"2021-03-23T22:59:48","date_gmt":"2021-03-24T01:59:48","guid":{"rendered":"https:\/\/blogdoedvaldomagalhaes.com.br\/?p=68176"},"modified":"2021-03-23T22:59:49","modified_gmt":"2021-03-24T01:59:49","slug":"fagner-solicita-fiscalizacao-em-postos-de-combustiveis-e-depositos-de-gas-de-cozinha-em-caruaru","status":"publish","type":"post","link":"https:\/\/blogdoedvaldomagalhaes.com.br\/index.php\/2021\/03\/23\/fagner-solicita-fiscalizacao-em-postos-de-combustiveis-e-depositos-de-gas-de-cozinha-em-caruaru\/","title":{"rendered":"Fagner solicita fiscaliza\u00e7\u00e3o em Postos de Combust\u00edveis e dep\u00f3sitos de G\u00e1s de cozinha em Caruaru"},"content":{"rendered":"<p style=\"text-align: justify;\"><span style=\"font-size: inherit;\">De autoria do vereador Fagner Fernandes (PDT), foi apresentado na Sess\u00e3o Plen\u00e1ria Virtual dessa ter\u00e7a-feira (23), o requerimento n\u00ba 1345\/2021 que solicita ao Procon Caruaru que fiscalize Postos de combust\u00edveis e dep\u00f3sitos de G\u00e1s no munic\u00edpio.<\/span><\/p>\n<p style=\"text-align: justify;\">O objetivo da proposta, \u00e9 verificar se estes estabelecimentos est\u00e3o atuando com o reajuste de pre\u00e7os, com a isen\u00e7\u00e3o de PIS e COFINS sobre o \u00f3leo diesel e o G\u00e1s de cozinha (GLP), decretado pelo Governo Federal (Decreto n\u00ba 10.638\/2021 e da Medida Provis\u00f3ria n\u00ba 1.034\/2021) no dia 1\u00ba de mar\u00e7o de 2021.<\/p>\n<p style=\"text-align: justify;\">\u201cPedimos por meio dessa proposta, que seja verificado se houve redu\u00e7\u00e3o no pre\u00e7o desses produtos aqui na cidade. Diante do per\u00edodo dif\u00edcil que o pa\u00eds enfrenta por conta da pandemia, a ideia \u00e9 evitar que o cidad\u00e3o sofra com tantos aumentos\u201d, explicou Fagner.<\/p>\n<p style=\"text-align: justify;\">A propositura ser\u00e1 encaminhada para aprova\u00e7\u00e3o do Plen\u00e1rio.<\/p>\n","protected":false},"excerpt":{"rendered":"<p>De autoria do vereador Fagner Fernandes (PDT), foi apresentado na Sess\u00e3o Plen\u00e1ria Virtual dessa ter\u00e7a-feira (23), o requerimento n\u00ba 1345\/2021&hellip;<\/p>\n","protected":false},"author":1,"featured_media":68177,"comment_status":"open","ping_status":"open","sticky":false,"template":"","format":"standard","meta":{"footnotes":""},"categories":[14122],"tags":[2,19532,2945,21152],"class_list":["post-68176","post","type-post","status-publish","format-standard","has-post-thumbnail","hentry","category-politica","tag-blog-do-edvaldo-magalhaes","tag-blog-mais-acessado-e-visualizado-de-caruaru-e-regiao","tag-fagner-fernandes","tag-fagner-solicita-fiscalizacao-em-postos-de-combustiveis-e-depositos-de-gas-de-cozinha-em-caruaru"],"_links":{"self":[{"href":"https:\/\/blogdoedvaldomagalhaes.com.br\/index.php\/wp-json\/wp\/v2\/posts\/68176","targetHints":{"allow":["GET"]}}],"collection":[{"href":"https:\/\/blogdoedvaldomagalhaes.com.br\/index.php\/wp-json\/wp\/v2\/posts"}],"about":[{"href":"https:\/\/blogdoedvaldomagalhaes.com.br\/index.php\/wp-json\/wp\/v2\/types\/post"}],"author":[{"embeddable":true,"href":"https:\/\/blogdoedvaldomagalhaes.com.br\/index.php\/wp-json\/wp\/v2\/users\/1"}],"replies":[{"embeddable":true,"href":"https:\/\/blogdoedvaldomagalhaes.com.br\/index.php\/wp-json\/wp\/v2\/comments?post=68176"}],"version-history":[{"count":1,"href":"https:\/\/blogdoedvaldomagalhaes.com.br\/index.php\/wp-json\/wp\/v2\/posts\/68176\/revisions"}],"predecessor-version":[{"id":68178,"href":"https:\/\/blogdoedvaldomagalhaes.com.br\/index.php\/wp-json\/wp\/v2\/posts\/68176\/revisions\/68178"}],"wp:featuredmedia":[{"embeddable":true,"href":"https:\/\/blogdoedvaldomagalhaes.com.br\/index.php\/wp-json\/wp\/v2\/media\/68177"}],"wp:attachment":[{"href":"https:\/\/blogdoedvaldomagalhaes.com.br\/index.php\/wp-json\/wp\/v2\/media?parent=68176"}],"wp:term":[{"taxonomy":"category","embeddable":true,"href":"https:\/\/blogdoedvaldomagalhaes.com.br\/index.php\/wp-json\/wp\/v2\/categories?post=68176"},{"taxonomy":"post_tag","embeddable":true,"href":"https:\/\/blogdoedvaldomagalhaes.com.br\/index.php\/wp-json\/wp\/v2\/tags?post=68176"}],"curies":[{"name":"wp","href":"https:\/\/api.w.org\/{rel}","templated":true}]}}