{"id":68173,"date":"2021-03-23T20:39:04","date_gmt":"2021-03-23T23:39:04","guid":{"rendered":"https:\/\/blogdoedvaldomagalhaes.com.br\/?p=68173"},"modified":"2021-03-23T20:39:06","modified_gmt":"2021-03-23T23:39:06","slug":"secretaria-de-saude-de-caruaru-registra-mais-de-130-novos-casos-de-covid-19-e-mais-duas-mortes","status":"publish","type":"post","link":"https:\/\/blogdoedvaldomagalhaes.com.br\/index.php\/2021\/03\/23\/secretaria-de-saude-de-caruaru-registra-mais-de-130-novos-casos-de-covid-19-e-mais-duas-mortes\/","title":{"rendered":"Secretaria de Sa\u00fade de Caruaru registra mais de 130 novos casos de covid-19 e mais duas mortes"},"content":{"rendered":"<p style=\"text-align: justify;\">A Secretaria de Sa\u00fade de Caruaru confirmou 136 novos casos de covid-19 nesta ter\u00e7a-feira (23). O boletim tamb\u00e9m registrou dois novos \u00f3bitos em consequ\u00eancia da doen\u00e7a.<\/p>\n<p style=\"text-align: justify;\">Com a atualiza\u00e7\u00e3o, Caruaru soma 18.227 casos confirmados e 503 mortes. Est\u00e3o em investiga\u00e7\u00e3o 1.124 casos. O n\u00famero de pacientes recuperados subiu para 17.527.<\/p>\n","protected":false},"excerpt":{"rendered":"<p>A Secretaria de Sa\u00fade de Caruaru confirmou 136 novos casos de covid-19 nesta ter\u00e7a-feira (23). O boletim tamb\u00e9m registrou dois&hellip;<\/p>\n","protected":false},"author":1,"featured_media":68174,"comment_status":"open","ping_status":"open","sticky":false,"template":"","format":"standard","meta":{"footnotes":""},"categories":[14120],"tags":[2,19532,19670,21151],"class_list":["post-68173","post","type-post","status-publish","format-standard","has-post-thumbnail","hentry","category-noticias","tag-blog-do-edvaldo-magalhaes","tag-blog-mais-acessado-e-visualizado-de-caruaru-e-regiao","tag-novo-coronavirus","tag-secretaria-de-saude-de-caruaru-registra-mais-de-130-novos-casos-de-covid-19-e-mais-duas-mortes"],"_links":{"self":[{"href":"https:\/\/blogdoedvaldomagalhaes.com.br\/index.php\/wp-json\/wp\/v2\/posts\/68173","targetHints":{"allow":["GET"]}}],"collection":[{"href":"https:\/\/blogdoedvaldomagalhaes.com.br\/index.php\/wp-json\/wp\/v2\/posts"}],"about":[{"href":"https:\/\/blogdoedvaldomagalhaes.com.br\/index.php\/wp-json\/wp\/v2\/types\/post"}],"author":[{"embeddable":true,"href":"https:\/\/blogdoedvaldomagalhaes.com.br\/index.php\/wp-json\/wp\/v2\/users\/1"}],"replies":[{"embeddable":true,"href":"https:\/\/blogdoedvaldomagalhaes.com.br\/index.php\/wp-json\/wp\/v2\/comments?post=68173"}],"version-history":[{"count":1,"href":"https:\/\/blogdoedvaldomagalhaes.com.br\/index.php\/wp-json\/wp\/v2\/posts\/68173\/revisions"}],"predecessor-version":[{"id":68175,"href":"https:\/\/blogdoedvaldomagalhaes.com.br\/index.php\/wp-json\/wp\/v2\/posts\/68173\/revisions\/68175"}],"wp:featuredmedia":[{"embeddable":true,"href":"https:\/\/blogdoedvaldomagalhaes.com.br\/index.php\/wp-json\/wp\/v2\/media\/68174"}],"wp:attachment":[{"href":"https:\/\/blogdoedvaldomagalhaes.com.br\/index.php\/wp-json\/wp\/v2\/media?parent=68173"}],"wp:term":[{"taxonomy":"category","embeddable":true,"href":"https:\/\/blogdoedvaldomagalhaes.com.br\/index.php\/wp-json\/wp\/v2\/categories?post=68173"},{"taxonomy":"post_tag","embeddable":true,"href":"https:\/\/blogdoedvaldomagalhaes.com.br\/index.php\/wp-json\/wp\/v2\/tags?post=68173"}],"curies":[{"name":"wp","href":"https:\/\/api.w.org\/{rel}","templated":true}]}}