{"id":68168,"date":"2021-03-23T19:35:59","date_gmt":"2021-03-23T22:35:59","guid":{"rendered":"https:\/\/blogdoedvaldomagalhaes.com.br\/?p=68168"},"modified":"2021-03-23T19:36:00","modified_gmt":"2021-03-23T22:36:00","slug":"projeto-de-lei-abril-laranja-de-autoria-de-anderson-correia-e-aprovado-na-camara-de-caruaru","status":"publish","type":"post","link":"https:\/\/blogdoedvaldomagalhaes.com.br\/index.php\/2021\/03\/23\/projeto-de-lei-abril-laranja-de-autoria-de-anderson-correia-e-aprovado-na-camara-de-caruaru\/","title":{"rendered":"Projeto de Lei \u201cAbril Laranja\u201d de autoria de Anderson Correia, \u00e9 aprovado na C\u00e2mara de Caruaru"},"content":{"rendered":"<p style=\"text-align: justify;\"><span style=\"font-size: inherit;\">O Projeto de Lei N\u00ba 8881\/2021, intitulado de \u201cAbril Laranja\u201d, de autoria do vereador Anderson Correia (PP), foi votado em segunda discuss\u00e3o e aprovado por maioria dos votos, na tarde desta ter\u00e7a-feira (23), durante a reuni\u00e3o plen\u00e1ria virtual da C\u00e2mara.<\/span><\/p>\n<p style=\"text-align: justify;\">O PL apresentado e aprovado tem como objetivo a institui\u00e7\u00e3o do \u201cAbril Laranja\u201d no \u00e2mbito do munic\u00edpio de Caruaru, bem como a sua inclus\u00e3o no Calend\u00e1rio Oficial de Datas e Eventos do munic\u00edpio, a ser comemorado no m\u00eas de abril de cada ano, tudo em conson\u00e2ncia com o art. 225, \u00a71\u00ba, VII, da Constitui\u00e7\u00e3o Federal que pro\u00edbe a crueldade aos animais. (regra da proibi\u00e7\u00e3o da crueldade).<\/p>\n<p style=\"text-align: justify;\">De acordo com a mat\u00e9ria, nas edifica\u00e7\u00f5es p\u00fablicas municipais, sempre que poss\u00edvel, ser\u00e1 procedida a ilumina\u00e7\u00e3o na cor laranja ou sinaliza\u00e7\u00e3o alusivos ao tema, durante todo o m\u00eas de abril. No m\u00eas do \u201cabril laranja\u201d poder\u00e3o ser desenvolvidas a\u00e7\u00f5es, com os objetivos de alertar e promover debates sobre o tema; estabelecer diretrizes para o desenvolvimento de a\u00e7\u00f5es integradas, envolvendo a popula\u00e7\u00e3o, \u00f3rg\u00e3os p\u00fablicos, imprensa e institui\u00e7\u00f5es p\u00fablicas e privadas; estimular, sob o ponto de vista social e educacional, a concretiza\u00e7\u00e3o de a\u00e7\u00f5es, programas e projetos na \u00e1rea e realizar palestras de conscientiza\u00e7\u00e3o nas escolas do munic\u00edpio.<\/p>\n<p style=\"text-align: justify;\">\u201cEstou muito feliz por este momento em que damos um passo muito grande em favor dos animais n\u00e3o-humanos. Esse projeto de lei mudar\u00e1 muito coisa para melhor acerca da Preven\u00e7\u00e3o da Crueldade contra Animais, sendo um per\u00edodo de conscientiza\u00e7\u00e3o para lembrarmos que crueldade \u00e9 crime. Vamos em frente, pois ainda h\u00e1 muito a se fazer pelos nossos animais, mas hoje j\u00e1 conseguimos um grande progresso\u201d, comemorou o edil.<\/p>\n","protected":false},"excerpt":{"rendered":"<p>O Projeto de Lei N\u00ba 8881\/2021, intitulado de \u201cAbril Laranja\u201d, de autoria do vereador Anderson Correia (PP), foi votado em&hellip;<\/p>\n","protected":false},"author":1,"featured_media":68169,"comment_status":"open","ping_status":"open","sticky":false,"template":"","format":"standard","meta":{"footnotes":""},"categories":[14122],"tags":[2,19532,1950,21150],"class_list":["post-68168","post","type-post","status-publish","format-standard","has-post-thumbnail","hentry","category-politica","tag-blog-do-edvaldo-magalhaes","tag-blog-mais-acessado-e-visualizado-de-caruaru-e-regiao","tag-noticias-de-caruaru","tag-projeto-de-lei-abril-laranja-de-autoria-de-anderson-correia-e-aprovado-na-camara-municipal"],"_links":{"self":[{"href":"https:\/\/blogdoedvaldomagalhaes.com.br\/index.php\/wp-json\/wp\/v2\/posts\/68168","targetHints":{"allow":["GET"]}}],"collection":[{"href":"https:\/\/blogdoedvaldomagalhaes.com.br\/index.php\/wp-json\/wp\/v2\/posts"}],"about":[{"href":"https:\/\/blogdoedvaldomagalhaes.com.br\/index.php\/wp-json\/wp\/v2\/types\/post"}],"author":[{"embeddable":true,"href":"https:\/\/blogdoedvaldomagalhaes.com.br\/index.php\/wp-json\/wp\/v2\/users\/1"}],"replies":[{"embeddable":true,"href":"https:\/\/blogdoedvaldomagalhaes.com.br\/index.php\/wp-json\/wp\/v2\/comments?post=68168"}],"version-history":[{"count":1,"href":"https:\/\/blogdoedvaldomagalhaes.com.br\/index.php\/wp-json\/wp\/v2\/posts\/68168\/revisions"}],"predecessor-version":[{"id":68170,"href":"https:\/\/blogdoedvaldomagalhaes.com.br\/index.php\/wp-json\/wp\/v2\/posts\/68168\/revisions\/68170"}],"wp:featuredmedia":[{"embeddable":true,"href":"https:\/\/blogdoedvaldomagalhaes.com.br\/index.php\/wp-json\/wp\/v2\/media\/68169"}],"wp:attachment":[{"href":"https:\/\/blogdoedvaldomagalhaes.com.br\/index.php\/wp-json\/wp\/v2\/media?parent=68168"}],"wp:term":[{"taxonomy":"category","embeddable":true,"href":"https:\/\/blogdoedvaldomagalhaes.com.br\/index.php\/wp-json\/wp\/v2\/categories?post=68168"},{"taxonomy":"post_tag","embeddable":true,"href":"https:\/\/blogdoedvaldomagalhaes.com.br\/index.php\/wp-json\/wp\/v2\/tags?post=68168"}],"curies":[{"name":"wp","href":"https:\/\/api.w.org\/{rel}","templated":true}]}}