{"id":68164,"date":"2021-03-23T12:39:41","date_gmt":"2021-03-23T15:39:41","guid":{"rendered":"https:\/\/blogdoedvaldomagalhaes.com.br\/?p=68164"},"modified":"2021-03-23T19:50:41","modified_gmt":"2021-03-23T22:50:41","slug":"secretaria-de-saude-pe-registra-2-172-novos-casos-de-covid-19-nesta-terca-feira-23","status":"publish","type":"post","link":"https:\/\/blogdoedvaldomagalhaes.com.br\/index.php\/2021\/03\/23\/secretaria-de-saude-pe-registra-2-172-novos-casos-de-covid-19-nesta-terca-feira-23\/","title":{"rendered":"Secretaria de Sa\u00fade-PE registra 2.172 novos casos de covid-19 nesta ter\u00e7a-feira (23)"},"content":{"rendered":"<p style=\"text-align: justify;\"><span style=\"font-size: inherit;\">A Secretaria Estadual de Sa\u00fade (SES-PE) registrou, nesta ter\u00e7a-feira (23\/03), 2.172 casos da Covid-19. Entre os confirmados hoje, 223 (10%) s\u00e3o casos de S\u00edndrome Respirat\u00f3ria Aguda Grave (SRAG) e 1.949 (90%) s\u00e3o leves. Agora, Pernambuco totaliza 333.498 casos confirmados da doen\u00e7a, sendo 34.836 graves e 298.662 leves, que est\u00e3o distribu\u00eddos por todos os 184 munic\u00edpios pernambucanos, al\u00e9m do arquip\u00e9lago de Fernando de Noronha.<\/span><\/p>\n<p style=\"text-align: justify;\"><span lang=\"PT\">Al\u00e9m disso, o boletim registra um total de 284.418 pacientes recuperados da doen\u00e7a. Destes, 20.543 eram pacientes graves, que necessitaram de internamento hospitalar, e 263.085 eram casos leves.<\/span><\/p>\n<p style=\"text-align: justify;\"><span lang=\"PT\">Tamb\u00e9m foram confirmados laboratorialmente 64 novos \u00f3bitos (30 masculinos e 34 femininos),\u00a0ocorridos entre os dias 20\/08\/2020 e 22\/03\/2021. As novas mortes\u00a0s\u00e3o\u00a0de pessoas residentes dos munic\u00edpios de Afogados da Ingazeira (1), Alian\u00e7a (1), Araripina (3), Bom Conselho (1), Brejo da Madre de Deus (1), Camaragibe (2), Camutanga (1), Cedro (1), Condado (1), Exu (1), Ferreiros (1), Garanhuns (1), Goiana (2), Ipubi (1), Itaquitinga (1), Jaboat\u00e3o dos Guararapes (4),\u00a0Jurema (1), Lagoa Grande (1), Limoeiro (1), Olinda (3), Petrolina (4),\u00a0Recife (22),\u00a0Santa Cruz do Capibaribe (1),\u00a0S\u00e3o Jos\u00e9 do Belmonte (2), S\u00e3o Jos\u00e9 do Egito (1), S\u00e3o Louren\u00e7o da Mata (1), Serrita (1),\u00a0Vertentes (1) e Vit\u00f3ria de Santo Ant\u00e3o (2).\u00a0Com isso, o Estado totaliza 11.762 mortes pela doen\u00e7a.<\/span><\/p>\n<p style=\"text-align: justify;\"><span lang=\"PT\">Os pacientes tinham idades entre 11 e 93 anos. As faixas et\u00e1rias s\u00e3o: 10 a 19 (1), 30 a 39 (3), 40 a 49 (8), 50 a 59 (10), 60 a<\/span><span lang=\"PT\">\u00a069 (14), 70 a 79 (16) e 80 ou mais (12). Do total, 50 tinham doen\u00e7as pr\u00e9-existentes: doen\u00e7a cardiovascular (29), diabetes (27), hipertens\u00e3o (15), obesidade (7), doen\u00e7a respirat\u00f3ria\/hist\u00f3rico de doen\u00e7a respirat\u00f3ria (4), tabagismo (4), doen\u00e7a renal (4), hist\u00f3rico de AVC (3), imunossupress\u00e3o (3), c\u00e2ncer (2), doen\u00e7a neurol\u00f3gica (2), doen\u00e7a de Alzheimer (1) e doen\u00e7a hep\u00e1tica (1) &#8211; um paciente pode ter mais de uma comorbidade. Quatro n\u00e3o tinham comorbidades e os demais seguem em investiga\u00e7\u00e3o.<\/span><\/p>\n<p style=\"text-align: justify;\"><span lang=\"PT\">Com rela\u00e7\u00e3o \u00e0 testagem dos profissionais de sa\u00fade com sintomas de gripe, em Pernambuco, at\u00e9 agora, 27.412 casos foram confirmados e 46.755 descartados. As testagens entre os trabalhadores do setor abrangem os profissionais de todas as unidades de sa\u00fade, sejam da rede p\u00fablica (estadual e municipal) ou privada. O Governo de Pernambuco foi o primeiro do pa\u00eds a criar um protocolo para testar e afastar os profissionais da \u00e1rea da sa\u00fade com sintomas gripais.<\/span><\/p>\n<p style=\"text-align: justify;\"><b><span lang=\"PT\">UTI\u00a0<\/span><\/b><span lang=\"PT\">&#8211; Nesta ter\u00e7a-feira (23), Pernambuco ultrapassou a marca de 1,4 mil leitos de UTI voltados exclusivamente para pacientes graves acometidos pela Covid-19. Agora, o Estado conta com 1.409 vagas de terapia intensiva espalhadas do Litoral ao Sert\u00e3o, em unidades da rede p\u00fablica e tamb\u00e9m em servi\u00e7os da rede privada contratualizados pelo Governo de Pernambuco. Al\u00e9m disso, h\u00e1 outros 1.144 leitos de enfermaria, totalizando 2.553 leitos para a assist\u00eancia aos casos da Covid-19.<\/span><\/p>\n<p style=\"text-align: justify;\"><span lang=\"PT\">Nas \u00faltimas 24h, foram abertos 2 leitos de terapia intensiva na UPAE de Petrolina &#8211; unidade que conta agora com 30 vagas de UTI e 20 de enfermaria. Al\u00e9m disso, j\u00e1 est\u00e3o sendo regulados pela rede p\u00fablica estadual, 10 leitos de UTI no Hapvida &#8211; Unidade Caxang\u00e1 contratados pelo Governo do Estado.<\/span><\/p>\n<p style=\"text-align: justify;\"><span lang=\"PT\">Desde o in\u00edcio do m\u00eas de mar\u00e7o, j\u00e1 s\u00e3o 405 leitos de terapia intensiva abertos em todo o Estado e at\u00e9 mesmo fora do territ\u00f3rio pernambuco &#8211; uma m\u00e9dia de 18 novas vagas de UTI por dia.<\/span><\/p>\n<p style=\"text-align: justify;\"><span lang=\"PT\">&#8220;Mesmo com todo esse esfor\u00e7o, nosso sistema de sa\u00fade est\u00e1 cada vez mais pressionado. Abrir novos leitos \u00e9 uma a\u00e7\u00e3o necess\u00e1ria para garantir chance de recupera\u00e7\u00e3o aos pacientes graves. Mas precisamos um esfor\u00e7o ainda maior, de todos. A \u00fanica medida capaz de frear a curva crescente da Covid-19 em nosso Estado \u00e9 reduzir a circula\u00e7\u00e3o de pessoas. Mais do que nunca, a palavra-chave \u00e9 solidariedade: pensar em si e pensar no outro&#8221;, destaca o secret\u00e1rio Andr\u00e9 Longo.<\/span><\/p>\n<p style=\"text-align: justify;\"><b><span lang=\"PT\">BALAN\u00c7O DA VACINA\u00c7\u00c3O &#8211;<\/span><\/b><span lang=\"PT\">\u00a0Pernambuco j\u00e1 aplicou 734.361 doses da vacina contra a Covid-19, das quais 542.935 foram primeiras doses. Ao todo, foram feitas a primeira dose em 190.599 trabalhadores de sa\u00fade; 24.466 povos ind\u00edgenas aldeados; 26 em comunidades quilombolas; 6.097 idosos em Institui\u00e7\u00f5es de Longa Perman\u00eancia; 4.318 idosos de 64 a 69 anos; 145.725 idosos de 70 a 79 anos; 87.189 idosos de 80 a 84 anos; 83.635 idosos a partir de 85 anos; al\u00e9m de 880 pessoas com defici\u00eancia institucionalizadas.<\/span><\/p>\n<p style=\"text-align: justify;\"><span lang=\"PT\">Em rela\u00e7\u00e3o \u00e0 segunda dose, j\u00e1 foram beneficiados 141.580 trabalhadores de sa\u00fade; 23.230 povos ind\u00edgenas aldeados; 4.335 idosos institucionalizados; 719 idosos de 70 a 79 anos; 18.964 idosos de 80 a 84 anos; 1.975 idosos a partir de 85 anos e 623 pessoas com defici\u00eancia institucionalizadas; totalizando 191.426 pessoas que j\u00e1 finalizaram o esquema.<\/span><\/p>\n<p style=\"text-align: justify;\"><b><span lang=\"PT\">S\u00cdNDROME PEDI\u00c1TRICA &#8211;<\/span><\/b><span lang=\"PT\">\u00a0A Secretaria Estadual de Sa\u00fade informa que n\u00e3o foram registrados novos casos da S\u00edndrome Inflamat\u00f3ria Multissist\u00eamica (SIM-P). At\u00e9 o momento, continuam as 28 ocorr\u00eancias j\u00e1 divulgadas: 26 evolu\u00edram para cura e alta hospitalar e 2 vieram a \u00f3bito.<\/span><\/p>\n","protected":false},"excerpt":{"rendered":"<p>A Secretaria Estadual de Sa\u00fade (SES-PE) registrou, nesta ter\u00e7a-feira (23\/03), 2.172 casos da Covid-19. Entre os confirmados hoje, 223 (10%)&hellip;<\/p>\n","protected":false},"author":1,"featured_media":68165,"comment_status":"open","ping_status":"open","sticky":false,"template":"","format":"standard","meta":{"footnotes":""},"categories":[14120],"tags":[2,19532,19670,21147],"class_list":["post-68164","post","type-post","status-publish","format-standard","has-post-thumbnail","hentry","category-noticias","tag-blog-do-edvaldo-magalhaes","tag-blog-mais-acessado-e-visualizado-de-caruaru-e-regiao","tag-novo-coronavirus","tag-secretaria-de-saude-pe-registra-2-172-novos-casos-de-covid-19-nesta-terca-feira-23"],"_links":{"self":[{"href":"https:\/\/blogdoedvaldomagalhaes.com.br\/index.php\/wp-json\/wp\/v2\/posts\/68164","targetHints":{"allow":["GET"]}}],"collection":[{"href":"https:\/\/blogdoedvaldomagalhaes.com.br\/index.php\/wp-json\/wp\/v2\/posts"}],"about":[{"href":"https:\/\/blogdoedvaldomagalhaes.com.br\/index.php\/wp-json\/wp\/v2\/types\/post"}],"author":[{"embeddable":true,"href":"https:\/\/blogdoedvaldomagalhaes.com.br\/index.php\/wp-json\/wp\/v2\/users\/1"}],"replies":[{"embeddable":true,"href":"https:\/\/blogdoedvaldomagalhaes.com.br\/index.php\/wp-json\/wp\/v2\/comments?post=68164"}],"version-history":[{"count":3,"href":"https:\/\/blogdoedvaldomagalhaes.com.br\/index.php\/wp-json\/wp\/v2\/posts\/68164\/revisions"}],"predecessor-version":[{"id":68172,"href":"https:\/\/blogdoedvaldomagalhaes.com.br\/index.php\/wp-json\/wp\/v2\/posts\/68164\/revisions\/68172"}],"wp:featuredmedia":[{"embeddable":true,"href":"https:\/\/blogdoedvaldomagalhaes.com.br\/index.php\/wp-json\/wp\/v2\/media\/68165"}],"wp:attachment":[{"href":"https:\/\/blogdoedvaldomagalhaes.com.br\/index.php\/wp-json\/wp\/v2\/media?parent=68164"}],"wp:term":[{"taxonomy":"category","embeddable":true,"href":"https:\/\/blogdoedvaldomagalhaes.com.br\/index.php\/wp-json\/wp\/v2\/categories?post=68164"},{"taxonomy":"post_tag","embeddable":true,"href":"https:\/\/blogdoedvaldomagalhaes.com.br\/index.php\/wp-json\/wp\/v2\/tags?post=68164"}],"curies":[{"name":"wp","href":"https:\/\/api.w.org\/{rel}","templated":true}]}}