{"id":68160,"date":"2021-03-23T10:54:58","date_gmt":"2021-03-23T13:54:58","guid":{"rendered":"https:\/\/blogdoedvaldomagalhaes.com.br\/?p=68160"},"modified":"2021-03-23T10:54:59","modified_gmt":"2021-03-23T13:54:59","slug":"dono-de-mercadinho-e-morto-a-tiros-na-zona-rural-de-caruaru","status":"publish","type":"post","link":"https:\/\/blogdoedvaldomagalhaes.com.br\/index.php\/2021\/03\/23\/dono-de-mercadinho-e-morto-a-tiros-na-zona-rural-de-caruaru\/","title":{"rendered":"Dono de mercadinho \u00e9 morto a tiros na zona rural de Caruaru"},"content":{"rendered":"<p style=\"text-align: justify;\">Foi assassinado a tiros na manh\u00e3 desta ter\u00e7a-feira (23), na estrada do S\u00edtio pitombeira de Tabocas, zona rural de Caruaru.\u00a0A v\u00edtima era conhecida como \u2018L\u00e9o\u2019 e tinha um mercadinho em Cachoeira de Manda\u00e7aia, zona rural de Brejo da Madre de Deus.<\/p>\n<p style=\"text-align: justify;\">De acordo com informa\u00e7\u00f5es iniciais, o jovem estava em companhia do pai em um ve\u00edculo indo fazer compras. Eles foram abordados por assaltantes que fugiram ap\u00f3s efetuar os disparos de arma de fogo. O pai da v\u00edtima conseguiu fugir pelo matagal.<\/p>\n<p style=\"text-align: justify;\">A Pol\u00edcia Militar fez o isolamento do local e, ap\u00f3s a realiza\u00e7\u00e3o de per\u00edcia, o corpo ser\u00e1 encaminhado para o Instituto de Medicina Legal (IML) de Caruaru. A pol\u00edcia n\u00e3o descarta a possibilidade de crime passional, pois nada foi levado das v\u00edtimas.<\/p>\n<p style=\"text-align: justify;\">Este foi o 5\u00ba homic\u00eddio do m\u00eas de mar\u00e7o em Caruaru. De janeiro at\u00e9 agora 24 pessoas foram assassinadas no munic\u00edpio.<\/p>\n<p style=\"text-align: justify;\">Por Helenivaldo Pereira.<\/p>\n","protected":false},"excerpt":{"rendered":"<p>Foi assassinado a tiros na manh\u00e3 desta ter\u00e7a-feira (23), na estrada do S\u00edtio pitombeira de Tabocas, zona rural de Caruaru.\u00a0A&hellip;<\/p>\n","protected":false},"author":1,"featured_media":68161,"comment_status":"open","ping_status":"open","sticky":false,"template":"","format":"standard","meta":{"footnotes":""},"categories":[14121],"tags":[2,19532,21146,1950],"class_list":["post-68160","post","type-post","status-publish","format-standard","has-post-thumbnail","hentry","category-policial","tag-blog-do-edvaldo-magalhaes","tag-blog-mais-acessado-e-visualizado-de-caruaru-e-regiao","tag-dono-de-mercadinho-e-morto-a-tiros-na-zona-rural-de-caruaru","tag-noticias-de-caruaru"],"_links":{"self":[{"href":"https:\/\/blogdoedvaldomagalhaes.com.br\/index.php\/wp-json\/wp\/v2\/posts\/68160","targetHints":{"allow":["GET"]}}],"collection":[{"href":"https:\/\/blogdoedvaldomagalhaes.com.br\/index.php\/wp-json\/wp\/v2\/posts"}],"about":[{"href":"https:\/\/blogdoedvaldomagalhaes.com.br\/index.php\/wp-json\/wp\/v2\/types\/post"}],"author":[{"embeddable":true,"href":"https:\/\/blogdoedvaldomagalhaes.com.br\/index.php\/wp-json\/wp\/v2\/users\/1"}],"replies":[{"embeddable":true,"href":"https:\/\/blogdoedvaldomagalhaes.com.br\/index.php\/wp-json\/wp\/v2\/comments?post=68160"}],"version-history":[{"count":1,"href":"https:\/\/blogdoedvaldomagalhaes.com.br\/index.php\/wp-json\/wp\/v2\/posts\/68160\/revisions"}],"predecessor-version":[{"id":68162,"href":"https:\/\/blogdoedvaldomagalhaes.com.br\/index.php\/wp-json\/wp\/v2\/posts\/68160\/revisions\/68162"}],"wp:featuredmedia":[{"embeddable":true,"href":"https:\/\/blogdoedvaldomagalhaes.com.br\/index.php\/wp-json\/wp\/v2\/media\/68161"}],"wp:attachment":[{"href":"https:\/\/blogdoedvaldomagalhaes.com.br\/index.php\/wp-json\/wp\/v2\/media?parent=68160"}],"wp:term":[{"taxonomy":"category","embeddable":true,"href":"https:\/\/blogdoedvaldomagalhaes.com.br\/index.php\/wp-json\/wp\/v2\/categories?post=68160"},{"taxonomy":"post_tag","embeddable":true,"href":"https:\/\/blogdoedvaldomagalhaes.com.br\/index.php\/wp-json\/wp\/v2\/tags?post=68160"}],"curies":[{"name":"wp","href":"https:\/\/api.w.org\/{rel}","templated":true}]}}