{"id":68149,"date":"2021-03-23T09:06:41","date_gmt":"2021-03-23T12:06:41","guid":{"rendered":"https:\/\/blogdoedvaldomagalhaes.com.br\/?p=68149"},"modified":"2021-03-23T11:52:14","modified_gmt":"2021-03-23T14:52:14","slug":"pilotos-denunciam-abandono-no-autodromo-ayrton-senna-em-caruaru","status":"publish","type":"post","link":"https:\/\/blogdoedvaldomagalhaes.com.br\/index.php\/2021\/03\/23\/pilotos-denunciam-abandono-no-autodromo-ayrton-senna-em-caruaru\/","title":{"rendered":"Pilotos denunciam abandono no Aut\u00f3dromo Ayrton Senna em Caruaru"},"content":{"rendered":"<p style=\"text-align: justify;\">Pilotos denunciam que o Aut\u00f3dromo Internacional Ayrton Senna, em Caruaru, est\u00e1 abandonado pela gest\u00e3o municipal, e est\u00e3o revoltados. De acordo com os pilotos, est\u00e3o destru\u00eddos no Aut\u00f3dromo: vasos sanit\u00e1rios, muros, grades, janelas e portas, al\u00e9m da parte el\u00e9trica.<\/p>\n<p style=\"text-align: justify;\">Pilotos, preparadores, f\u00e3s do Automobilismo pedem ajuda, aux\u00edlio dos respons\u00e1veis pelo esporte no Brasil e pela conscientiza\u00e7\u00e3o da Prefeitura de Caruaru, para que ainda seja poss\u00edvel uma recupera\u00e7\u00e3o.<\/p>\n<p style=\"text-align: justify;\"><span style=\"font-size: inherit;\">Pnambuco sempre foi um celeiro de grandes pilotos, daqui sa\u00edram grandes nomes no passado como Rog\u00e9rio Santos, Joca Ferraz, Zeca Monteiro.<\/span><span style=\"font-size: inherit;\"> Al\u00e9m de pilotos de grande destaque no cen\u00e1rio atual como Kiko Porto, Josimar Henrique J\u00fanior, Beto Monteiro, mas mesmo assim o aut\u00f3dromo do estado sofre e morre lentamente.<\/span><\/p>\n<p style=\"text-align: justify;\">Nas curvas do Aut\u00f3dromo de Caruaru nasceram pilotos de destaque como Valdeno Brito, Adson e Danuza Moura, Carlos Machado e tantos outros e atualmente, o aut\u00f3dromo definha e junto com a sua morte, morre tamb\u00e9m o automobilismo em Pernambuco.<\/p>\n<p style=\"text-align: justify;\">Segundo o piloto Aureliano Faria &#8220;a gest\u00e3o atual da prefeitura de Caruaru deixou que tudo isso acontecesse, e nada tem a ver com a pandemia, pois o aut\u00f3dromo j\u00e1 sofre h\u00e1 muitos anos. A pandemia serviu como um tiro de miseric\u00f3rdia e toda a estrutura criada nos anos 90, fazendo deste<span style=\"font-size: inherit;\">u m dos melhores aut\u00f3dromos do Brasil&#8221;, concluiu Aureliano.<\/span><\/p>\n<p style=\"text-align: justify;\">Resposta da prefeitura: A Funda\u00e7\u00e3o de Cultura de Caruaru vem investindo na recupera\u00e7\u00e3o do muro externo e em breve iniciar\u00e1 a restaura\u00e7\u00e3o das depend\u00eancias internas.<\/p>\n","protected":false},"excerpt":{"rendered":"<p>Pilotos denunciam que o Aut\u00f3dromo Internacional Ayrton Senna, em Caruaru, est\u00e1 abandonado pela gest\u00e3o municipal, e est\u00e3o revoltados. De acordo&hellip;<\/p>\n","protected":false},"author":1,"featured_media":68152,"comment_status":"open","ping_status":"open","sticky":false,"template":"","format":"standard","meta":{"footnotes":""},"categories":[14120],"tags":[2,19532,1950,21144],"class_list":["post-68149","post","type-post","status-publish","format-standard","has-post-thumbnail","hentry","category-noticias","tag-blog-do-edvaldo-magalhaes","tag-blog-mais-acessado-e-visualizado-de-caruaru-e-regiao","tag-noticias-de-caruaru","tag-pilotos-denunciam-abandono-no-autodromo-ayrton-senna-em-caruaru"],"_links":{"self":[{"href":"https:\/\/blogdoedvaldomagalhaes.com.br\/index.php\/wp-json\/wp\/v2\/posts\/68149","targetHints":{"allow":["GET"]}}],"collection":[{"href":"https:\/\/blogdoedvaldomagalhaes.com.br\/index.php\/wp-json\/wp\/v2\/posts"}],"about":[{"href":"https:\/\/blogdoedvaldomagalhaes.com.br\/index.php\/wp-json\/wp\/v2\/types\/post"}],"author":[{"embeddable":true,"href":"https:\/\/blogdoedvaldomagalhaes.com.br\/index.php\/wp-json\/wp\/v2\/users\/1"}],"replies":[{"embeddable":true,"href":"https:\/\/blogdoedvaldomagalhaes.com.br\/index.php\/wp-json\/wp\/v2\/comments?post=68149"}],"version-history":[{"count":4,"href":"https:\/\/blogdoedvaldomagalhaes.com.br\/index.php\/wp-json\/wp\/v2\/posts\/68149\/revisions"}],"predecessor-version":[{"id":68163,"href":"https:\/\/blogdoedvaldomagalhaes.com.br\/index.php\/wp-json\/wp\/v2\/posts\/68149\/revisions\/68163"}],"wp:featuredmedia":[{"embeddable":true,"href":"https:\/\/blogdoedvaldomagalhaes.com.br\/index.php\/wp-json\/wp\/v2\/media\/68152"}],"wp:attachment":[{"href":"https:\/\/blogdoedvaldomagalhaes.com.br\/index.php\/wp-json\/wp\/v2\/media?parent=68149"}],"wp:term":[{"taxonomy":"category","embeddable":true,"href":"https:\/\/blogdoedvaldomagalhaes.com.br\/index.php\/wp-json\/wp\/v2\/categories?post=68149"},{"taxonomy":"post_tag","embeddable":true,"href":"https:\/\/blogdoedvaldomagalhaes.com.br\/index.php\/wp-json\/wp\/v2\/tags?post=68149"}],"curies":[{"name":"wp","href":"https:\/\/api.w.org\/{rel}","templated":true}]}}