{"id":68146,"date":"2021-03-22T19:42:09","date_gmt":"2021-03-22T22:42:09","guid":{"rendered":"https:\/\/blogdoedvaldomagalhaes.com.br\/?p=68146"},"modified":"2021-03-22T19:42:11","modified_gmt":"2021-03-22T22:42:11","slug":"deputado-erick-lessa-cumpre-agenda-em-santa-cruz-do-capibaribe","status":"publish","type":"post","link":"https:\/\/blogdoedvaldomagalhaes.com.br\/index.php\/2021\/03\/22\/deputado-erick-lessa-cumpre-agenda-em-santa-cruz-do-capibaribe\/","title":{"rendered":"Deputado Erick Lessa cumpre agenda em Santa Cruz do Capibaribe"},"content":{"rendered":"<p style=\"text-align: justify;\"><span style=\"font-size: inherit;\">Seguindo no prop\u00f3sito de integrar e fortalecer os munic\u00edpios que comp\u00f5em o Polo de Confec\u00e7\u00f5es do Agreste, o deputado estadual Delegado Erick Lessa cumpriu agenda em Santa Cruz do Capibaribe nesta segunda-feira (22). Lessa vem executando uma s\u00e9rie de atividades visando \u00e0 retomada das atividades comerciais em conformidade com os protocolos sanit\u00e1rios recomendados pelas autoridades de sa\u00fade.<\/span><\/p>\n<p style=\"text-align: justify;\">O parlamentar se reuniu com o empres\u00e1rio Allan Carneiro, para conversar sobre a atual realidade do Polo T\u00eaxtil. \u201cEstamos realizando uma grande movimenta\u00e7\u00e3o em prol da uni\u00e3o das cidades que comp\u00f5em o Polo de Confec\u00e7\u00f5es do Agreste. O momento exige uma soma de for\u00e7as, pois \u00e9 necess\u00e1rio ter responsabilidade com a Sa\u00fade e tamb\u00e9m com a Economia\u201d, disse.<\/p>\n<p style=\"text-align: justify;\">Foto: Viliane Gomes<\/p>\n","protected":false},"excerpt":{"rendered":"<p>Seguindo no prop\u00f3sito de integrar e fortalecer os munic\u00edpios que comp\u00f5em o Polo de Confec\u00e7\u00f5es do Agreste, o deputado estadual&hellip;<\/p>\n","protected":false},"author":1,"featured_media":68147,"comment_status":"open","ping_status":"open","sticky":false,"template":"","format":"standard","meta":{"footnotes":""},"categories":[14122],"tags":[2,19532,21143],"class_list":["post-68146","post","type-post","status-publish","format-standard","has-post-thumbnail","hentry","category-politica","tag-blog-do-edvaldo-magalhaes","tag-blog-mais-acessado-e-visualizado-de-caruaru-e-regiao","tag-deputado-erick-lessa-cumpre-agenda-em-santa-cruz-do-capibaribe"],"_links":{"self":[{"href":"https:\/\/blogdoedvaldomagalhaes.com.br\/index.php\/wp-json\/wp\/v2\/posts\/68146","targetHints":{"allow":["GET"]}}],"collection":[{"href":"https:\/\/blogdoedvaldomagalhaes.com.br\/index.php\/wp-json\/wp\/v2\/posts"}],"about":[{"href":"https:\/\/blogdoedvaldomagalhaes.com.br\/index.php\/wp-json\/wp\/v2\/types\/post"}],"author":[{"embeddable":true,"href":"https:\/\/blogdoedvaldomagalhaes.com.br\/index.php\/wp-json\/wp\/v2\/users\/1"}],"replies":[{"embeddable":true,"href":"https:\/\/blogdoedvaldomagalhaes.com.br\/index.php\/wp-json\/wp\/v2\/comments?post=68146"}],"version-history":[{"count":1,"href":"https:\/\/blogdoedvaldomagalhaes.com.br\/index.php\/wp-json\/wp\/v2\/posts\/68146\/revisions"}],"predecessor-version":[{"id":68148,"href":"https:\/\/blogdoedvaldomagalhaes.com.br\/index.php\/wp-json\/wp\/v2\/posts\/68146\/revisions\/68148"}],"wp:featuredmedia":[{"embeddable":true,"href":"https:\/\/blogdoedvaldomagalhaes.com.br\/index.php\/wp-json\/wp\/v2\/media\/68147"}],"wp:attachment":[{"href":"https:\/\/blogdoedvaldomagalhaes.com.br\/index.php\/wp-json\/wp\/v2\/media?parent=68146"}],"wp:term":[{"taxonomy":"category","embeddable":true,"href":"https:\/\/blogdoedvaldomagalhaes.com.br\/index.php\/wp-json\/wp\/v2\/categories?post=68146"},{"taxonomy":"post_tag","embeddable":true,"href":"https:\/\/blogdoedvaldomagalhaes.com.br\/index.php\/wp-json\/wp\/v2\/tags?post=68146"}],"curies":[{"name":"wp","href":"https:\/\/api.w.org\/{rel}","templated":true}]}}