{"id":68141,"date":"2021-03-22T18:47:28","date_gmt":"2021-03-22T21:47:28","guid":{"rendered":"https:\/\/blogdoedvaldomagalhaes.com.br\/?p=68141"},"modified":"2021-03-22T18:49:13","modified_gmt":"2021-03-22T21:49:13","slug":"paulo-camara-garante-acesso-gratuito-ao-transporte-publico-para-quem-perdeu-emprego-na-pandemia","status":"publish","type":"post","link":"https:\/\/blogdoedvaldomagalhaes.com.br\/index.php\/2021\/03\/22\/paulo-camara-garante-acesso-gratuito-ao-transporte-publico-para-quem-perdeu-emprego-na-pandemia\/","title":{"rendered":"Paulo C\u00e2mara garante acesso gratuito ao transporte p\u00fablico para quem perdeu emprego na pandemia"},"content":{"rendered":"<p style=\"text-align: justify;\"><span style=\"font-size: inherit;\">O governador Paulo C\u00e2mara sancionou, nesta segunda-feira (22.03), a lei que garante acesso gratuito ao transporte p\u00fablico de passageiros da Regi\u00e3o Metropolitana do Recife para quem perdeu o emprego durante a pandemia. O projeto do Executivo foi aprovado por unanimidade, no dia 18 passado, pelos 49 deputados estaduais da Assembleia Legislativa de Pernambuco. A proposta, denominada Programa de Transporte Social do Sistema de Transporte P\u00fablico da Regi\u00e3o Metropolitana do Recife &#8211; STPP\/RMR, \u00e9 direcionada a quem reside no Grande Recife, foi demitido a partir de mar\u00e7o de 2020 e ganhava, at\u00e9 ent\u00e3o, at\u00e9 dois sal\u00e1rios m\u00ednimos.<\/span><\/p>\n<p style=\"text-align: justify;\">De acordo com Paulo C\u00e2mara, a proposta \u00e9 garantir oportunidades aos que foram mais duramente atingidos pela pandemia, para que possam buscar uma recoloca\u00e7\u00e3o. \u201cO objetivo do governo \u00e9 concentrar os esfor\u00e7os para permitir aos desempregados um maior acesso ao transporte, especialmente aos que perderam o emprego durante a crise. Seguiremos atuando no sentido de minimizar os efeitos da pandemia junto \u00e0 popula\u00e7\u00e3o\u201d, afirmou o governador, que sancionou a lei na presen\u00e7a dos secret\u00e1rios Marcelo Bruto (Desenvolvimento Urbano e Habita\u00e7\u00e3o), Jos\u00e9 Neto (Casa Civil) e Fernandha Batista (Infraestrutura e Recursos H\u00eddricos).<\/p>\n<p style=\"text-align: justify;\">A regulamenta\u00e7\u00e3o do cadastramento, condi\u00e7\u00f5es para usufruto do benef\u00edcio e processo de distribui\u00e7\u00e3o dos cart\u00f5es ser\u00e1 conclu\u00edda em um prazo m\u00e1ximo de 15 dias pelas secretarias de Desenvolvimento Urbano e Habita\u00e7\u00e3o (Seduh), de Trabalho, Emprego e Qualifica\u00e7\u00e3o (Seteq) e pelo Grande Recife Cons\u00f3rcio de Transportes. A previs\u00e3o \u00e9 de que o cadastramento dos interessados tenha in\u00edcio a partir do dia 05 de abril.<\/p>\n<p style=\"text-align: justify;\">Essa \u00e9 mais uma medida para tentar minimizar os efeitos devastadores da pandemia do novo coronav\u00edrus no Estado, e dever\u00e1 beneficiar aproximadamente 20 mil usu\u00e1rios por m\u00eas, durante o per\u00edodo de um ano, podendo ser prorrogado pelo mesmo per\u00edodo. Os usu\u00e1rios receber\u00e3o um cr\u00e9dito mensal de at\u00e9 20 (vinte) bilhetes do Anel A. O projeto determina que esses cr\u00e9ditos eletr\u00f4nicos de viagens sejam utilizados apenas fora do hor\u00e1rio de pico, para n\u00e3o pressionar o sistema de transportes. O custo do programa \u00e9 de R$ 1,5 milh\u00e3o por m\u00eas.<\/p>\n<p style=\"text-align: justify;\">*HOR\u00c1RIO SOCIAL* \u2013 Em fevereiro, o Conselho Superior de Transporte Metropolitano (CSTM) aprovou proposta de revis\u00e3o tarif\u00e1ria baseada em estudos realizados pelo Grande Recife Cons\u00f3rcio de Transportes. Com a decis\u00e3o, foi ratificada a cria\u00e7\u00e3o de uma tarifa mais barata no chamado \u201chor\u00e1rio social\u201d de uso, fora do hor\u00e1rio de pico. Das 9h \u00e0s 11h da manh\u00e3 e das 13h30 \u00e0s 15h30 da tarde, a passagem passa de R$ 3,45 para R$ 3,35 no anel A, e de R$ 4,70 para R$ 4,60 no Anel B. Esse desconto se aplica exclusivamente nos dias \u00fateis e com o uso do VEM Comum.<\/p>\n<p style=\"text-align: justify;\">O Governo de Pernambuco segue realizando a\u00e7\u00f5es de higieniza\u00e7\u00e3o dos \u00f4nibus e terminais integrados da Regi\u00e3o Metropolitana do Recife (RMR). Neste per\u00edodo de quarentena mais r\u00edgida, n\u00e3o houve redu\u00e7\u00e3o na frota. Desde o in\u00edcio do ano, a opera\u00e7\u00e3o foi refor\u00e7ada em mais de 200 \u00f4nibus, elevando para 80% a frota em circula\u00e7\u00e3o. Al\u00e9m disso, 138 linhas de maior demanda j\u00e1 circulam com 100% dos ve\u00edculos. Em parceria com a Secretaria de Defesa Social, tamb\u00e9m foram disponibilizados mais de 2,5 mil policiais no Programa de Jornada Extra de Seguran\u00e7a (PJES), para garantir a seguran\u00e7a dos usu\u00e1rios e o bom funcionamento nos 10 principais TIs do Grande Recife. Tamb\u00e9m h\u00e1 profissionais cuidando da ordena\u00e7\u00e3o de filas e controle dos embarques e distribuindo m\u00e1scaras e \u00e1lcool em gel \u00e0s pessoas que est\u00e3o circulando nos terminais. Ser\u00e3o mais de 90 mil m\u00e1scaras distribu\u00eddas at\u00e9 o final do m\u00eas de mar\u00e7o.<\/p>\n\n\n<figure class=\"wp-block-image size-large\"><img loading=\"lazy\" decoding=\"async\" width=\"1024\" height=\"682\" src=\"https:\/\/blogdoedvaldomagalhaes.com.br\/wp-content\/uploads\/2021\/03\/IMG-20210322-WA0097-1024x682.jpg\" alt=\"\" class=\"wp-image-68144\" srcset=\"https:\/\/blogdoedvaldomagalhaes.com.br\/wp-content\/uploads\/2021\/03\/IMG-20210322-WA0097-1024x682.jpg 1024w, https:\/\/blogdoedvaldomagalhaes.com.br\/wp-content\/uploads\/2021\/03\/IMG-20210322-WA0097-300x200.jpg 300w, https:\/\/blogdoedvaldomagalhaes.com.br\/wp-content\/uploads\/2021\/03\/IMG-20210322-WA0097-768x511.jpg 768w, https:\/\/blogdoedvaldomagalhaes.com.br\/wp-content\/uploads\/2021\/03\/IMG-20210322-WA0097.jpg 1280w\" sizes=\"auto, (max-width: 1024px) 100vw, 1024px\" \/><\/figure>\n","protected":false},"excerpt":{"rendered":"<p>O governador Paulo C\u00e2mara sancionou, nesta segunda-feira (22.03), a lei que garante acesso gratuito ao transporte p\u00fablico de passageiros da&hellip;<\/p>\n","protected":false},"author":1,"featured_media":68142,"comment_status":"open","ping_status":"open","sticky":false,"template":"","format":"standard","meta":{"footnotes":""},"categories":[14122],"tags":[2,19532,6,21142],"class_list":["post-68141","post","type-post","status-publish","format-standard","has-post-thumbnail","hentry","category-politica","tag-blog-do-edvaldo-magalhaes","tag-blog-mais-acessado-e-visualizado-de-caruaru-e-regiao","tag-noticias","tag-paulo-camara-garante-acesso-gratuito-ao-transporte-publico-para-quem-perdeu-emprego-na-pandemia"],"_links":{"self":[{"href":"https:\/\/blogdoedvaldomagalhaes.com.br\/index.php\/wp-json\/wp\/v2\/posts\/68141","targetHints":{"allow":["GET"]}}],"collection":[{"href":"https:\/\/blogdoedvaldomagalhaes.com.br\/index.php\/wp-json\/wp\/v2\/posts"}],"about":[{"href":"https:\/\/blogdoedvaldomagalhaes.com.br\/index.php\/wp-json\/wp\/v2\/types\/post"}],"author":[{"embeddable":true,"href":"https:\/\/blogdoedvaldomagalhaes.com.br\/index.php\/wp-json\/wp\/v2\/users\/1"}],"replies":[{"embeddable":true,"href":"https:\/\/blogdoedvaldomagalhaes.com.br\/index.php\/wp-json\/wp\/v2\/comments?post=68141"}],"version-history":[{"count":2,"href":"https:\/\/blogdoedvaldomagalhaes.com.br\/index.php\/wp-json\/wp\/v2\/posts\/68141\/revisions"}],"predecessor-version":[{"id":68145,"href":"https:\/\/blogdoedvaldomagalhaes.com.br\/index.php\/wp-json\/wp\/v2\/posts\/68141\/revisions\/68145"}],"wp:featuredmedia":[{"embeddable":true,"href":"https:\/\/blogdoedvaldomagalhaes.com.br\/index.php\/wp-json\/wp\/v2\/media\/68142"}],"wp:attachment":[{"href":"https:\/\/blogdoedvaldomagalhaes.com.br\/index.php\/wp-json\/wp\/v2\/media?parent=68141"}],"wp:term":[{"taxonomy":"category","embeddable":true,"href":"https:\/\/blogdoedvaldomagalhaes.com.br\/index.php\/wp-json\/wp\/v2\/categories?post=68141"},{"taxonomy":"post_tag","embeddable":true,"href":"https:\/\/blogdoedvaldomagalhaes.com.br\/index.php\/wp-json\/wp\/v2\/tags?post=68141"}],"curies":[{"name":"wp","href":"https:\/\/api.w.org\/{rel}","templated":true}]}}