{"id":68136,"date":"2021-03-22T18:23:12","date_gmt":"2021-03-22T21:23:12","guid":{"rendered":"https:\/\/blogdoedvaldomagalhaes.com.br\/?p=68136"},"modified":"2021-03-22T18:23:14","modified_gmt":"2021-03-22T21:23:14","slug":"idosos-a-partir-de-68-anos-podem-agendar-vacinacao-contra-covid-19-em-caruaru","status":"publish","type":"post","link":"https:\/\/blogdoedvaldomagalhaes.com.br\/index.php\/2021\/03\/22\/idosos-a-partir-de-68-anos-podem-agendar-vacinacao-contra-covid-19-em-caruaru\/","title":{"rendered":"Idosos a partir de 68 anos podem agendar vacina\u00e7\u00e3o contra Covid-19 em Caruaru"},"content":{"rendered":"<p style=\"text-align: justify;\"><span style=\"font-size: inherit;\">A da Secretaria de Sa\u00fade de Caruaru, amplia a vacina\u00e7\u00e3o para idosos acima de 68 anos. O agendamento teve in\u00edcio nesta segunda-feira (22) e deve ser feito pelo site www.vacina.caruaru.pe.gov.br ou pelo Disque Vacina, no n\u00famero 0800 281 7080.<\/span><\/p>\n<p style=\"text-align: justify;\">Nesta segunda-feira (22), o munic\u00edpio recebeu mais 5.890 doses do imunizante da SinoVac e 365 da AstraZeneca. \u201cSomando \u00e0 quantidade recebida no \u00faltimo dia (17), o munic\u00edpio contabiliza doses suficientes para ampliar a a\u00e7\u00e3o, que estimamos vacinar 10.243 idosos acima de 68 anos nos pr\u00f3ximos dias\u201d, afirmou o secret\u00e1rio municipal de Sa\u00fade, Breno Feitoza.<\/p>\n<p style=\"text-align: justify;\">Os dias e hor\u00e1rios da vacina\u00e7\u00e3o no munic\u00edpio tamb\u00e9m foram ampliados. Agora acontecer\u00e1 tamb\u00e9m nos fins de semana, tendo in\u00edcio no pr\u00f3ximo s\u00e1bado (27) e no domingo (28), das 7h \u00e0s 19h.<\/p>\n<p style=\"text-align: justify;\">No dia agendado para a vacina\u00e7\u00e3o, as pessoas devem, obrigatoriamente, apresentar documento oficial com foto, cart\u00e3o do SUS, c\u00f3pia do CPF e comprovante de resid\u00eancia.<\/p>\n","protected":false},"excerpt":{"rendered":"<p>A da Secretaria de Sa\u00fade de Caruaru, amplia a vacina\u00e7\u00e3o para idosos acima de 68 anos. O agendamento teve in\u00edcio&hellip;<\/p>\n","protected":false},"author":1,"featured_media":66668,"comment_status":"open","ping_status":"open","sticky":false,"template":"","format":"standard","meta":{"footnotes":""},"categories":[14120],"tags":[2,19532,21140,1950,19670],"class_list":["post-68136","post","type-post","status-publish","format-standard","has-post-thumbnail","hentry","category-noticias","tag-blog-do-edvaldo-magalhaes","tag-blog-mais-acessado-e-visualizado-de-caruaru-e-regiao","tag-idosos-a-partir-de-68-anos-podem-agendar-vacinacao-contra-covid-19-em-caruaru","tag-noticias-de-caruaru","tag-novo-coronavirus"],"_links":{"self":[{"href":"https:\/\/blogdoedvaldomagalhaes.com.br\/index.php\/wp-json\/wp\/v2\/posts\/68136","targetHints":{"allow":["GET"]}}],"collection":[{"href":"https:\/\/blogdoedvaldomagalhaes.com.br\/index.php\/wp-json\/wp\/v2\/posts"}],"about":[{"href":"https:\/\/blogdoedvaldomagalhaes.com.br\/index.php\/wp-json\/wp\/v2\/types\/post"}],"author":[{"embeddable":true,"href":"https:\/\/blogdoedvaldomagalhaes.com.br\/index.php\/wp-json\/wp\/v2\/users\/1"}],"replies":[{"embeddable":true,"href":"https:\/\/blogdoedvaldomagalhaes.com.br\/index.php\/wp-json\/wp\/v2\/comments?post=68136"}],"version-history":[{"count":1,"href":"https:\/\/blogdoedvaldomagalhaes.com.br\/index.php\/wp-json\/wp\/v2\/posts\/68136\/revisions"}],"predecessor-version":[{"id":68137,"href":"https:\/\/blogdoedvaldomagalhaes.com.br\/index.php\/wp-json\/wp\/v2\/posts\/68136\/revisions\/68137"}],"wp:featuredmedia":[{"embeddable":true,"href":"https:\/\/blogdoedvaldomagalhaes.com.br\/index.php\/wp-json\/wp\/v2\/media\/66668"}],"wp:attachment":[{"href":"https:\/\/blogdoedvaldomagalhaes.com.br\/index.php\/wp-json\/wp\/v2\/media?parent=68136"}],"wp:term":[{"taxonomy":"category","embeddable":true,"href":"https:\/\/blogdoedvaldomagalhaes.com.br\/index.php\/wp-json\/wp\/v2\/categories?post=68136"},{"taxonomy":"post_tag","embeddable":true,"href":"https:\/\/blogdoedvaldomagalhaes.com.br\/index.php\/wp-json\/wp\/v2\/tags?post=68136"}],"curies":[{"name":"wp","href":"https:\/\/api.w.org\/{rel}","templated":true}]}}