{"id":68133,"date":"2021-03-22T15:31:44","date_gmt":"2021-03-22T18:31:44","guid":{"rendered":"https:\/\/blogdoedvaldomagalhaes.com.br\/?p=68133"},"modified":"2021-03-22T15:31:47","modified_gmt":"2021-03-22T18:31:47","slug":"prf-suspense-atendimento-presencial-ao-publico-a-partir-desta-terca-feira-23","status":"publish","type":"post","link":"https:\/\/blogdoedvaldomagalhaes.com.br\/index.php\/2021\/03\/22\/prf-suspense-atendimento-presencial-ao-publico-a-partir-desta-terca-feira-23\/","title":{"rendered":"PRF suspense atendimento presencial ao p\u00fablico a partir desta ter\u00e7a-feira (23)"},"content":{"rendered":"<p style=\"text-align: justify;\"><span style=\"font-size: inherit;\">A Pol\u00edcia Rodovi\u00e1ria Federal (PRF) ir\u00e1 suspender o atendimento presencial ao p\u00fablico na sede da superintend\u00eancia localizada no bairro do Pina, na Zona Sul do Recife, em virtude da quarentena decretada em Pernambuco. A medida ser\u00e1 implantada inicialmente de ter\u00e7a-feira (23\/03) at\u00e9 o domingo (28\/03) e busca evitar aglomera\u00e7\u00f5es nesse per\u00edodo.<\/span><\/p>\n<p style=\"text-align: justify;\">Os agendamentos previstos ser\u00e3o cancelados e podem ser remarcados quando o atendimento for normalizado. Os servi\u00e7os continuar\u00e3o a ser oferecidos por meio digital de ter\u00e7a a sexta, das 8h \u00e0s 17h, atrav\u00e9s do Whatsapp no n\u00famero (81)99241-5272 ou pelo e-mail: atendimento.pe@prf.gov.br.<\/p>\n<p style=\"text-align: justify;\">Desde o dia 3 de agosto do ano passado, foi institu\u00eddo o peticionamento eletr\u00f4nico como forma oficial de protocolar documentos, para facilitar o acesso do cidad\u00e3o a servi\u00e7os e evitar deslocamentos \u00e0s unidades da PRF. Entre os servi\u00e7os oferecidos, est\u00e3o a defesa de autua\u00e7\u00e3o, recurso de multa, identifica\u00e7\u00e3o de condutor infrator, solicita\u00e7\u00e3o de retifica\u00e7\u00e3o de boletim de acidente de tr\u00e2nsito e solicita\u00e7\u00e3o de c\u00f3pia ou vista de processo ou documento. Para isso, \u00e9 necess\u00e1rio se cadastrar no Sistema Eletr\u00f4nico de Informa\u00e7\u00f5es, pelo endere\u00e7o: https:\/\/sei.prf.gov.br\/acessoexterno.<\/p>\n<p style=\"text-align: justify;\">O atendimento a acidentes e emerg\u00eancias nas rodovias federais continua sendo realizado normalmente e a PRF pode ser acionada pelo telefone 191. A liga\u00e7\u00e3o \u00e9 gratuita e funciona 24h.<\/p>\n\n\n<p><\/p>\n","protected":false},"excerpt":{"rendered":"<p>A Pol\u00edcia Rodovi\u00e1ria Federal (PRF) ir\u00e1 suspender o atendimento presencial ao p\u00fablico na sede da superintend\u00eancia localizada no bairro do&hellip;<\/p>\n","protected":false},"author":1,"featured_media":68134,"comment_status":"open","ping_status":"open","sticky":false,"template":"","format":"standard","meta":{"footnotes":""},"categories":[14120],"tags":[2,19532,6,2278,21139],"class_list":["post-68133","post","type-post","status-publish","format-standard","has-post-thumbnail","hentry","category-noticias","tag-blog-do-edvaldo-magalhaes","tag-blog-mais-acessado-e-visualizado-de-caruaru-e-regiao","tag-noticias","tag-policia-rodoviaria-federal","tag-prf-suspense-atendimento-presencial-ao-publico-a-partir-desta-terca-feira-23"],"_links":{"self":[{"href":"https:\/\/blogdoedvaldomagalhaes.com.br\/index.php\/wp-json\/wp\/v2\/posts\/68133","targetHints":{"allow":["GET"]}}],"collection":[{"href":"https:\/\/blogdoedvaldomagalhaes.com.br\/index.php\/wp-json\/wp\/v2\/posts"}],"about":[{"href":"https:\/\/blogdoedvaldomagalhaes.com.br\/index.php\/wp-json\/wp\/v2\/types\/post"}],"author":[{"embeddable":true,"href":"https:\/\/blogdoedvaldomagalhaes.com.br\/index.php\/wp-json\/wp\/v2\/users\/1"}],"replies":[{"embeddable":true,"href":"https:\/\/blogdoedvaldomagalhaes.com.br\/index.php\/wp-json\/wp\/v2\/comments?post=68133"}],"version-history":[{"count":1,"href":"https:\/\/blogdoedvaldomagalhaes.com.br\/index.php\/wp-json\/wp\/v2\/posts\/68133\/revisions"}],"predecessor-version":[{"id":68135,"href":"https:\/\/blogdoedvaldomagalhaes.com.br\/index.php\/wp-json\/wp\/v2\/posts\/68133\/revisions\/68135"}],"wp:featuredmedia":[{"embeddable":true,"href":"https:\/\/blogdoedvaldomagalhaes.com.br\/index.php\/wp-json\/wp\/v2\/media\/68134"}],"wp:attachment":[{"href":"https:\/\/blogdoedvaldomagalhaes.com.br\/index.php\/wp-json\/wp\/v2\/media?parent=68133"}],"wp:term":[{"taxonomy":"category","embeddable":true,"href":"https:\/\/blogdoedvaldomagalhaes.com.br\/index.php\/wp-json\/wp\/v2\/categories?post=68133"},{"taxonomy":"post_tag","embeddable":true,"href":"https:\/\/blogdoedvaldomagalhaes.com.br\/index.php\/wp-json\/wp\/v2\/tags?post=68133"}],"curies":[{"name":"wp","href":"https:\/\/api.w.org\/{rel}","templated":true}]}}