{"id":68115,"date":"2021-03-21T20:33:17","date_gmt":"2021-03-21T23:33:17","guid":{"rendered":"https:\/\/blogdoedvaldomagalhaes.com.br\/?p=68115"},"modified":"2021-03-21T20:46:43","modified_gmt":"2021-03-21T23:46:43","slug":"sepultamento-de-ivan-bulhoes-familiares-e-amigos-dao-adeus-ao-radialista","status":"publish","type":"post","link":"https:\/\/blogdoedvaldomagalhaes.com.br\/index.php\/2021\/03\/21\/sepultamento-de-ivan-bulhoes-familiares-e-amigos-dao-adeus-ao-radialista\/","title":{"rendered":"Sepultamento de Ivan Bulh\u00f5es: Familiares e Amigos d\u00e3o adeus ao radialista"},"content":{"rendered":"<p style=\"text-align: justify;\">Sepultado na tarde deste domingo (21), no Cemit\u00e9rio Parque dos Arcos, em Caruaru, o corpo do radialista Ivan Bulh\u00f5es, falecido na noite desse s\u00e1bado (20), no Hospital Unimed. O vel\u00f3rio foi realizado com presen\u00e7a de familiares e amigos, cumprindo normas sanit\u00e1rias estabelecidas.<\/p>\n<p style=\"text-align: justify;\">Funcion\u00e1rio vital\u00edcio da R\u00e1dio Liberdade, Ivan Bulh\u00f5es, de 91 anos, estava na Unidade de Terapia Intensiva (UTI) desde o dia 5 de mar\u00e7o, quando sofreu um Acidente Vascular Cerebral (AVC).<\/p>\n<p style=\"text-align: justify;\">O radialista estava afastado dos microfones desde o dia 5 de julho de 2017, quando sofreu uma queda em casa e fraturou o f\u00eamur.<\/p>\n<p style=\"text-align: justify;\">Natural de Alagoas, o radialista foi para o Recife com 14 anos e estava em Caruaru desde 1962. Ele ganhou cinco t\u00edtulos de cidad\u00e3o em Caruaru e em outras cidades do Agreste.<\/p>\n<p style=\"text-align: justify;\">Na d\u00e9cada de 1980, o radialista criou a \u201cCaravana de Ivan Bulh\u00f5es\u201d, apresentando o forr\u00f3 de Caruaru. Foram gravados 4 discos. Fizeram parte dessa caravana os artistas Jacinto Silva, Bau dos Oito Baixos, Avenor, Heleno dos 8 Baixos e Azul\u00e3o, entre outros.<\/p>\n<p style=\"text-align: justify;\">Ivan levou alegria, informa\u00e7\u00e3o e forr\u00f3 para as casas de milhares de pernambucanos ao longo dos seus mais de 60 anos de carreira. Deixou um enorme legado para o r\u00e1dio no Nordeste.<\/p>\n<p style=\"text-align: justify;\">Com seu estilo pr\u00f3prio, criou diversas express\u00f5es onde rapidamente ele pode ser reconhecido. Quaraquaqu\u00e1, reguenguela do hor\u00e1rio, leia a B\u00edblia e beijinhos nas crian\u00e7as, s\u00e3o algumas delas, que ser\u00e3o sempre lembradas.<\/p>\n<p style=\"text-align: justify;\">Fonte: R\u00e1dio Liberdade.<\/p>\n\n\n<figure class=\"wp-block-image size-large\"><img loading=\"lazy\" decoding=\"async\" width=\"1024\" height=\"576\" src=\"https:\/\/blogdoedvaldomagalhaes.com.br\/wp-content\/uploads\/2021\/03\/IMG-20210321-WA0075-1024x576.jpg\" alt=\"\" class=\"wp-image-68119\" srcset=\"https:\/\/blogdoedvaldomagalhaes.com.br\/wp-content\/uploads\/2021\/03\/IMG-20210321-WA0075-1024x576.jpg 1024w, https:\/\/blogdoedvaldomagalhaes.com.br\/wp-content\/uploads\/2021\/03\/IMG-20210321-WA0075-300x169.jpg 300w, https:\/\/blogdoedvaldomagalhaes.com.br\/wp-content\/uploads\/2021\/03\/IMG-20210321-WA0075-768x432.jpg 768w, https:\/\/blogdoedvaldomagalhaes.com.br\/wp-content\/uploads\/2021\/03\/IMG-20210321-WA0075-1536x864.jpg 1536w, https:\/\/blogdoedvaldomagalhaes.com.br\/wp-content\/uploads\/2021\/03\/IMG-20210321-WA0075-1140x641.jpg 1140w, https:\/\/blogdoedvaldomagalhaes.com.br\/wp-content\/uploads\/2021\/03\/IMG-20210321-WA0075-720x405.jpg 720w, https:\/\/blogdoedvaldomagalhaes.com.br\/wp-content\/uploads\/2021\/03\/IMG-20210321-WA0075.jpg 1600w\" sizes=\"auto, (max-width: 1024px) 100vw, 1024px\" \/><\/figure>\n\n\n\n<figure class=\"wp-block-image size-large\"><img loading=\"lazy\" decoding=\"async\" width=\"1024\" height=\"576\" src=\"https:\/\/blogdoedvaldomagalhaes.com.br\/wp-content\/uploads\/2021\/03\/IMG-20210321-WA0076-1024x576.jpg\" alt=\"\" class=\"wp-image-68121\" srcset=\"https:\/\/blogdoedvaldomagalhaes.com.br\/wp-content\/uploads\/2021\/03\/IMG-20210321-WA0076-1024x576.jpg 1024w, https:\/\/blogdoedvaldomagalhaes.com.br\/wp-content\/uploads\/2021\/03\/IMG-20210321-WA0076-300x169.jpg 300w, https:\/\/blogdoedvaldomagalhaes.com.br\/wp-content\/uploads\/2021\/03\/IMG-20210321-WA0076-768x432.jpg 768w, https:\/\/blogdoedvaldomagalhaes.com.br\/wp-content\/uploads\/2021\/03\/IMG-20210321-WA0076-1536x864.jpg 1536w, https:\/\/blogdoedvaldomagalhaes.com.br\/wp-content\/uploads\/2021\/03\/IMG-20210321-WA0076-1140x641.jpg 1140w, https:\/\/blogdoedvaldomagalhaes.com.br\/wp-content\/uploads\/2021\/03\/IMG-20210321-WA0076-720x405.jpg 720w, https:\/\/blogdoedvaldomagalhaes.com.br\/wp-content\/uploads\/2021\/03\/IMG-20210321-WA0076.jpg 1600w\" sizes=\"auto, (max-width: 1024px) 100vw, 1024px\" \/><\/figure>\n\n\n\n<figure class=\"wp-block-image size-large\"><img loading=\"lazy\" decoding=\"async\" width=\"1024\" height=\"576\" src=\"https:\/\/blogdoedvaldomagalhaes.com.br\/wp-content\/uploads\/2021\/03\/IMG-20210321-WA0074-1024x576.jpg\" alt=\"\" class=\"wp-image-68123\" srcset=\"https:\/\/blogdoedvaldomagalhaes.com.br\/wp-content\/uploads\/2021\/03\/IMG-20210321-WA0074-1024x576.jpg 1024w, https:\/\/blogdoedvaldomagalhaes.com.br\/wp-content\/uploads\/2021\/03\/IMG-20210321-WA0074-300x169.jpg 300w, https:\/\/blogdoedvaldomagalhaes.com.br\/wp-content\/uploads\/2021\/03\/IMG-20210321-WA0074-768x432.jpg 768w, https:\/\/blogdoedvaldomagalhaes.com.br\/wp-content\/uploads\/2021\/03\/IMG-20210321-WA0074-1536x864.jpg 1536w, https:\/\/blogdoedvaldomagalhaes.com.br\/wp-content\/uploads\/2021\/03\/IMG-20210321-WA0074-1140x641.jpg 1140w, https:\/\/blogdoedvaldomagalhaes.com.br\/wp-content\/uploads\/2021\/03\/IMG-20210321-WA0074-720x405.jpg 720w, https:\/\/blogdoedvaldomagalhaes.com.br\/wp-content\/uploads\/2021\/03\/IMG-20210321-WA0074.jpg 1600w\" sizes=\"auto, (max-width: 1024px) 100vw, 1024px\" \/><\/figure>\n\n\n\n<figure class=\"wp-block-image size-large\"><img loading=\"lazy\" decoding=\"async\" width=\"1024\" height=\"576\" src=\"https:\/\/blogdoedvaldomagalhaes.com.br\/wp-content\/uploads\/2021\/03\/IMG-20210321-WA0072-1024x576.jpg\" alt=\"\" class=\"wp-image-68125\" srcset=\"https:\/\/blogdoedvaldomagalhaes.com.br\/wp-content\/uploads\/2021\/03\/IMG-20210321-WA0072-1024x576.jpg 1024w, https:\/\/blogdoedvaldomagalhaes.com.br\/wp-content\/uploads\/2021\/03\/IMG-20210321-WA0072-300x169.jpg 300w, https:\/\/blogdoedvaldomagalhaes.com.br\/wp-content\/uploads\/2021\/03\/IMG-20210321-WA0072-768x432.jpg 768w, https:\/\/blogdoedvaldomagalhaes.com.br\/wp-content\/uploads\/2021\/03\/IMG-20210321-WA0072-1536x864.jpg 1536w, https:\/\/blogdoedvaldomagalhaes.com.br\/wp-content\/uploads\/2021\/03\/IMG-20210321-WA0072-1140x641.jpg 1140w, https:\/\/blogdoedvaldomagalhaes.com.br\/wp-content\/uploads\/2021\/03\/IMG-20210321-WA0072-720x405.jpg 720w, https:\/\/blogdoedvaldomagalhaes.com.br\/wp-content\/uploads\/2021\/03\/IMG-20210321-WA0072.jpg 1600w\" sizes=\"auto, (max-width: 1024px) 100vw, 1024px\" \/><\/figure>\n\n\n\n<figure class=\"wp-block-image size-large\"><img loading=\"lazy\" decoding=\"async\" width=\"1024\" height=\"576\" src=\"https:\/\/blogdoedvaldomagalhaes.com.br\/wp-content\/uploads\/2021\/03\/IMG-20210321-WA0071-1024x576.jpg\" alt=\"\" class=\"wp-image-68128\" srcset=\"https:\/\/blogdoedvaldomagalhaes.com.br\/wp-content\/uploads\/2021\/03\/IMG-20210321-WA0071-1024x576.jpg 1024w, https:\/\/blogdoedvaldomagalhaes.com.br\/wp-content\/uploads\/2021\/03\/IMG-20210321-WA0071-300x169.jpg 300w, https:\/\/blogdoedvaldomagalhaes.com.br\/wp-content\/uploads\/2021\/03\/IMG-20210321-WA0071-768x432.jpg 768w, https:\/\/blogdoedvaldomagalhaes.com.br\/wp-content\/uploads\/2021\/03\/IMG-20210321-WA0071-1536x864.jpg 1536w, https:\/\/blogdoedvaldomagalhaes.com.br\/wp-content\/uploads\/2021\/03\/IMG-20210321-WA0071-1140x641.jpg 1140w, https:\/\/blogdoedvaldomagalhaes.com.br\/wp-content\/uploads\/2021\/03\/IMG-20210321-WA0071-720x405.jpg 720w, https:\/\/blogdoedvaldomagalhaes.com.br\/wp-content\/uploads\/2021\/03\/IMG-20210321-WA0071.jpg 1600w\" sizes=\"auto, (max-width: 1024px) 100vw, 1024px\" \/><\/figure>\n\n\n\n<figure class=\"wp-block-image size-large\"><img loading=\"lazy\" decoding=\"async\" width=\"1024\" height=\"576\" src=\"https:\/\/blogdoedvaldomagalhaes.com.br\/wp-content\/uploads\/2021\/03\/IMG-20210321-WA0070-1024x576.jpg\" alt=\"\" class=\"wp-image-68131\" srcset=\"https:\/\/blogdoedvaldomagalhaes.com.br\/wp-content\/uploads\/2021\/03\/IMG-20210321-WA0070-1024x576.jpg 1024w, https:\/\/blogdoedvaldomagalhaes.com.br\/wp-content\/uploads\/2021\/03\/IMG-20210321-WA0070-300x169.jpg 300w, https:\/\/blogdoedvaldomagalhaes.com.br\/wp-content\/uploads\/2021\/03\/IMG-20210321-WA0070-768x432.jpg 768w, https:\/\/blogdoedvaldomagalhaes.com.br\/wp-content\/uploads\/2021\/03\/IMG-20210321-WA0070-1536x864.jpg 1536w, https:\/\/blogdoedvaldomagalhaes.com.br\/wp-content\/uploads\/2021\/03\/IMG-20210321-WA0070-1140x641.jpg 1140w, https:\/\/blogdoedvaldomagalhaes.com.br\/wp-content\/uploads\/2021\/03\/IMG-20210321-WA0070-720x405.jpg 720w, https:\/\/blogdoedvaldomagalhaes.com.br\/wp-content\/uploads\/2021\/03\/IMG-20210321-WA0070.jpg 1600w\" sizes=\"auto, (max-width: 1024px) 100vw, 1024px\" \/><figcaption>Fotos: Blog do Edvaldo Magalh\u00e3es<\/figcaption><\/figure>\n","protected":false},"excerpt":{"rendered":"<p>Sepultado na tarde deste domingo (21), no Cemit\u00e9rio Parque dos Arcos, em Caruaru, o corpo do radialista Ivan Bulh\u00f5es, falecido&hellip;<\/p>\n","protected":false},"author":1,"featured_media":68116,"comment_status":"open","ping_status":"open","sticky":false,"template":"","format":"standard","meta":{"footnotes":""},"categories":[14120],"tags":[2,19532,1950,21138],"class_list":["post-68115","post","type-post","status-publish","format-standard","has-post-thumbnail","hentry","category-noticias","tag-blog-do-edvaldo-magalhaes","tag-blog-mais-acessado-e-visualizado-de-caruaru-e-regiao","tag-noticias-de-caruaru","tag-sepultamento-de-ivan-bulhoes-familiares-e-amigos-dao-adeus-ao-radialista"],"_links":{"self":[{"href":"https:\/\/blogdoedvaldomagalhaes.com.br\/index.php\/wp-json\/wp\/v2\/posts\/68115","targetHints":{"allow":["GET"]}}],"collection":[{"href":"https:\/\/blogdoedvaldomagalhaes.com.br\/index.php\/wp-json\/wp\/v2\/posts"}],"about":[{"href":"https:\/\/blogdoedvaldomagalhaes.com.br\/index.php\/wp-json\/wp\/v2\/types\/post"}],"author":[{"embeddable":true,"href":"https:\/\/blogdoedvaldomagalhaes.com.br\/index.php\/wp-json\/wp\/v2\/users\/1"}],"replies":[{"embeddable":true,"href":"https:\/\/blogdoedvaldomagalhaes.com.br\/index.php\/wp-json\/wp\/v2\/comments?post=68115"}],"version-history":[{"count":7,"href":"https:\/\/blogdoedvaldomagalhaes.com.br\/index.php\/wp-json\/wp\/v2\/posts\/68115\/revisions"}],"predecessor-version":[{"id":68132,"href":"https:\/\/blogdoedvaldomagalhaes.com.br\/index.php\/wp-json\/wp\/v2\/posts\/68115\/revisions\/68132"}],"wp:featuredmedia":[{"embeddable":true,"href":"https:\/\/blogdoedvaldomagalhaes.com.br\/index.php\/wp-json\/wp\/v2\/media\/68116"}],"wp:attachment":[{"href":"https:\/\/blogdoedvaldomagalhaes.com.br\/index.php\/wp-json\/wp\/v2\/media?parent=68115"}],"wp:term":[{"taxonomy":"category","embeddable":true,"href":"https:\/\/blogdoedvaldomagalhaes.com.br\/index.php\/wp-json\/wp\/v2\/categories?post=68115"},{"taxonomy":"post_tag","embeddable":true,"href":"https:\/\/blogdoedvaldomagalhaes.com.br\/index.php\/wp-json\/wp\/v2\/tags?post=68115"}],"curies":[{"name":"wp","href":"https:\/\/api.w.org\/{rel}","templated":true}]}}