{"id":68112,"date":"2021-03-21T19:32:50","date_gmt":"2021-03-21T22:32:50","guid":{"rendered":"https:\/\/blogdoedvaldomagalhaes.com.br\/?p=68112"},"modified":"2021-03-21T19:32:51","modified_gmt":"2021-03-21T22:32:51","slug":"caruaru-chega-a-500-mortes-por-covid-19-segundo-a-secretaria-municipal-de-saude","status":"publish","type":"post","link":"https:\/\/blogdoedvaldomagalhaes.com.br\/index.php\/2021\/03\/21\/caruaru-chega-a-500-mortes-por-covid-19-segundo-a-secretaria-municipal-de-saude\/","title":{"rendered":"Caruaru chega a 500 mortes por covid-19 segundo a Secretaria Municipal de Sa\u00fade"},"content":{"rendered":"<p style=\"text-align: justify;\">A Secretaria de Sa\u00fade de Caruaru, confirmou 72 novos casos de covid-19 e mais dois \u00f3bitos em consequ\u00eancia da doen\u00e7a. Os dados foram divulgados na noite deste domingo (21).<\/p>\n<p style=\"text-align: justify;\">Agora, o munic\u00edpio soma 17.942 casos confirmados desde o in\u00edcio da pandemia e 500 \u00f3bitos. Est\u00e3o em investiga\u00e7\u00e3o 1.324 casos. Ainda de acordo com a Secretaria de Sa\u00fade, 17.213 pessoas se recuperaram da covid-19.<\/p>\n<p>Foto ilustrativa: Jorge Farias.<\/p>\n","protected":false},"excerpt":{"rendered":"<p>A Secretaria de Sa\u00fade de Caruaru, confirmou 72 novos casos de covid-19 e mais dois \u00f3bitos em consequ\u00eancia da doen\u00e7a.&hellip;<\/p>\n","protected":false},"author":1,"featured_media":68113,"comment_status":"open","ping_status":"open","sticky":false,"template":"","format":"standard","meta":{"footnotes":""},"categories":[14120],"tags":[2,19532,21137,1950,19670],"class_list":["post-68112","post","type-post","status-publish","format-standard","has-post-thumbnail","hentry","category-noticias","tag-blog-do-edvaldo-magalhaes","tag-blog-mais-acessado-e-visualizado-de-caruaru-e-regiao","tag-caruaru-chega-a-500-mortes-por-covid-19-segundo-a-secretaria-municipal-de-saude","tag-noticias-de-caruaru","tag-novo-coronavirus"],"_links":{"self":[{"href":"https:\/\/blogdoedvaldomagalhaes.com.br\/index.php\/wp-json\/wp\/v2\/posts\/68112","targetHints":{"allow":["GET"]}}],"collection":[{"href":"https:\/\/blogdoedvaldomagalhaes.com.br\/index.php\/wp-json\/wp\/v2\/posts"}],"about":[{"href":"https:\/\/blogdoedvaldomagalhaes.com.br\/index.php\/wp-json\/wp\/v2\/types\/post"}],"author":[{"embeddable":true,"href":"https:\/\/blogdoedvaldomagalhaes.com.br\/index.php\/wp-json\/wp\/v2\/users\/1"}],"replies":[{"embeddable":true,"href":"https:\/\/blogdoedvaldomagalhaes.com.br\/index.php\/wp-json\/wp\/v2\/comments?post=68112"}],"version-history":[{"count":1,"href":"https:\/\/blogdoedvaldomagalhaes.com.br\/index.php\/wp-json\/wp\/v2\/posts\/68112\/revisions"}],"predecessor-version":[{"id":68114,"href":"https:\/\/blogdoedvaldomagalhaes.com.br\/index.php\/wp-json\/wp\/v2\/posts\/68112\/revisions\/68114"}],"wp:featuredmedia":[{"embeddable":true,"href":"https:\/\/blogdoedvaldomagalhaes.com.br\/index.php\/wp-json\/wp\/v2\/media\/68113"}],"wp:attachment":[{"href":"https:\/\/blogdoedvaldomagalhaes.com.br\/index.php\/wp-json\/wp\/v2\/media?parent=68112"}],"wp:term":[{"taxonomy":"category","embeddable":true,"href":"https:\/\/blogdoedvaldomagalhaes.com.br\/index.php\/wp-json\/wp\/v2\/categories?post=68112"},{"taxonomy":"post_tag","embeddable":true,"href":"https:\/\/blogdoedvaldomagalhaes.com.br\/index.php\/wp-json\/wp\/v2\/tags?post=68112"}],"curies":[{"name":"wp","href":"https:\/\/api.w.org\/{rel}","templated":true}]}}