{"id":68109,"date":"2021-03-21T18:49:57","date_gmt":"2021-03-21T21:49:57","guid":{"rendered":"https:\/\/blogdoedvaldomagalhaes.com.br\/?p=68109"},"modified":"2021-03-21T18:49:58","modified_gmt":"2021-03-21T21:49:58","slug":"confira-os-numeros-da-covid-19-balanco-da-vacina-e-leitos-de-uti-em-pernambuco","status":"publish","type":"post","link":"https:\/\/blogdoedvaldomagalhaes.com.br\/index.php\/2021\/03\/21\/confira-os-numeros-da-covid-19-balanco-da-vacina-e-leitos-de-uti-em-pernambuco\/","title":{"rendered":"Confira os n\u00fameros da covid-19, balan\u00e7o da vacina e leitos de UTI em Pernambuco"},"content":{"rendered":"<p style=\"text-align: justify;\"><span style=\"font-family: verdana, sans-serif;\">A Secretaria Estadual de Sa\u00fade (SES-PE) registrou, neste domingo (21\/03), 1.016 casos da Covid-19. Entre os confirmados hoje, 102 (10%) s\u00e3o casos de S\u00edndrome Respirat\u00f3ria Aguda Grave (SRAG) e 914 (90%) s\u00e3o leves. Agora, Pernambuco totaliza 330.649 casos confirmados da doen\u00e7a, sendo 34.485 graves e 296.164 leves, que est\u00e3o distribu\u00eddos por todos os 184 munic\u00edpios pernambucanos, al\u00e9m do arquip\u00e9lago de Fernando de Noronha.<\/p>\n<p>Al\u00e9m disso, o boletim registra um total de 282.285 pacientes recuperados da doen\u00e7a. Destes, 20.464 eram pacientes graves, que necessitaram de internamento hospitalar, e 261.821 eram casos leves.<\/p>\n<p>Tamb\u00e9m foram confirmados laboratorialmente 23 novos \u00f3bitos (11 masculinos e 12 femininos), ocorridos entre os dias 02\/11\/2020 e 20\/03\/2021. As novas mortes s\u00e3o de pessoas residentes dos munic\u00edpios de Afogados da Ingazeira (1), Cabo de Santo Agostinho (1), Camaragibe (1), Igarassu (1), Ipojuca (1), Limoeiro (2), Olinda (3), Paulista (2), Pombos (1), Recife (6), Santa Maria do Cambuc\u00e1 (1), Tabira (1) e Vit\u00f3ria de Santo Ant\u00e3o (2). Com isso, o Estado totaliza 11.661 mortes pela doen\u00e7a.<\/p>\n<p>Os pacientes tinham idades entre 46 e 90 anos. As faixas et\u00e1rias s\u00e3o: 40 a 49 2), 50 a 59 (3), 60 a 69 (12), 70 a 79 (3) e 80 ou mais (3). Do total, 17 tinham doen\u00e7as pr\u00e9-existentes: doen\u00e7a cardiovascular (11), diabetes (10), hipertens\u00e3o (3), obesidade (3), doen\u00e7a de Alzheimer (1) e c\u00e2ncer (1) &#8211; um paciente pode ter mais de uma comorbidade. Os demais seguem em investiga\u00e7\u00e3o.<\/p>\n<p>Com rela\u00e7\u00e3o \u00e0 testagem dos profissionais de sa\u00fade com sintomas de gripe, em Pernambuco, at\u00e9 agora, 27.367 casos foram confirmados e 46.660 descartados. As testagens entre os trabalhadores do setor abrangem os profissionais de todas as unidades de sa\u00fade, sejam da rede p\u00fablica (estadual e municipal) ou privada. O Governo de Pernambuco foi o primeiro do pa\u00eds a criar um protocolo para testar e afastar os profissionais da \u00e1rea da sa\u00fade com sintomas gripais.<\/p>\n<p><b>BALAN\u00c7O DA VACINA\u00c7\u00c3O &#8211;<\/b>\u00a0Pernambuco j\u00e1 aplicou 694.543 doses da vacina contra a Covid-19, das quais 508.799 foram primeiras doses. Ao todo, foram feitas a primeira dose em 188.018 trabalhadores de sa\u00fade; 24.466 povos ind\u00edgenas aldeados; 6.097 idosos em Institui\u00e7\u00f5es de Longa Perman\u00eancia; 41.256 idosos de 70 a 74 anos; 78.764 idosos de 75 a 79 anos; 85.789 idosos de 80 a 84 anos; 83.542 idosos a partir de 85 anos; al\u00e9m de 867 pessoas com defici\u00eancia institucionalizadas.<\/p>\n<p>Em rela\u00e7\u00e3o \u00e0 segunda dose, j\u00e1 foram beneficiados 139.042 trabalhadores de sa\u00fade; 23.230 povos ind\u00edgenas aldeados; 4.335 idosos institucionalizados; 94 idosos de 70 a 74 anos; 63 idosos de 75 a 79 anos; 17.425 idosos de 80 a 84 anos; 932 idosos a partir de 85 anos e 623 pessoas com defici\u00eancia institucionalizadas; totalizando 185.744 pessoas que j\u00e1 finalizaram o esquema.<\/p>\n<p><b>LEITOS &#8211;<\/b>\u00a0Durante reuni\u00e3o do Comit\u00ea de Enfrentamento \u00e0 Covid-19, neste domingo (21.03), o governador Paulo C\u00e2mara destacou o esfor\u00e7o log\u00edstico e sanit\u00e1rio realizado pelo Governo do Estado para abrir leitos de terapia intensiva durante a pandemia. Ao longo dos \u00faltimos 20 dias de mar\u00e7o, foram criados 383 leitos de UTI em 14 munic\u00edpios, do Litoral ao Sert\u00e3o.<\/p>\n<p>\u201cPara se ter uma ideia, o Hospital da Restaura\u00e7\u00e3o, maior emerg\u00eancia p\u00fablica do Norte e Nordeste, conta com 60 leitos de terapia intensiva. Nestes 20 dias, colocamos em opera\u00e7\u00e3o o equivalente a seis hospitais da Restaura\u00e7\u00e3o. Um esfor\u00e7o log\u00edstico e sanit\u00e1rio sem precedentes na nossa hist\u00f3ria\u201d, detalhou Paulo C\u00e2mara. De acordo com o governador, a previs\u00e3o \u00e9 de que, nas pr\u00f3ximas semanas, ainda sejam abertos mais 200 leitos de UTI.<\/p>\n<p>Mesmo com todo o empenho da gest\u00e3o para ampliar a rede de leitos para pacientes da Covid-19, Paulo C\u00e2mara voltou a refor\u00e7ar a import\u00e2ncia de a popula\u00e7\u00e3o seguir os protocolos sanit\u00e1rios. \u201cMesmo com todo o esfor\u00e7o, nosso sistema est\u00e1 no limite e precisamos frear a acelera\u00e7\u00e3o da doen\u00e7a. Evite sair de casa e, se for muito necess\u00e1rio sair, use m\u00e1scara o tempo todo\u201d, frisou.\u00a0<\/span><\/p>\n<p>Foto ilustrativa: Ag\u00eancia Petrobr\u00e1s<\/p>\n","protected":false},"excerpt":{"rendered":"<p>A Secretaria Estadual de Sa\u00fade (SES-PE) registrou, neste domingo (21\/03), 1.016 casos da Covid-19. Entre os confirmados hoje, 102 (10%)&hellip;<\/p>\n","protected":false},"author":1,"featured_media":68110,"comment_status":"open","ping_status":"open","sticky":false,"template":"","format":"standard","meta":{"footnotes":""},"categories":[14120],"tags":[2,19532,21136,19670],"class_list":["post-68109","post","type-post","status-publish","format-standard","has-post-thumbnail","hentry","category-noticias","tag-blog-do-edvaldo-magalhaes","tag-blog-mais-acessado-e-visualizado-de-caruaru-e-regiao","tag-confira-os-numeros-da-covid-19-balanco-da-vacina-e-leitos-de-uti-em-pernambuco","tag-novo-coronavirus"],"_links":{"self":[{"href":"https:\/\/blogdoedvaldomagalhaes.com.br\/index.php\/wp-json\/wp\/v2\/posts\/68109","targetHints":{"allow":["GET"]}}],"collection":[{"href":"https:\/\/blogdoedvaldomagalhaes.com.br\/index.php\/wp-json\/wp\/v2\/posts"}],"about":[{"href":"https:\/\/blogdoedvaldomagalhaes.com.br\/index.php\/wp-json\/wp\/v2\/types\/post"}],"author":[{"embeddable":true,"href":"https:\/\/blogdoedvaldomagalhaes.com.br\/index.php\/wp-json\/wp\/v2\/users\/1"}],"replies":[{"embeddable":true,"href":"https:\/\/blogdoedvaldomagalhaes.com.br\/index.php\/wp-json\/wp\/v2\/comments?post=68109"}],"version-history":[{"count":1,"href":"https:\/\/blogdoedvaldomagalhaes.com.br\/index.php\/wp-json\/wp\/v2\/posts\/68109\/revisions"}],"predecessor-version":[{"id":68111,"href":"https:\/\/blogdoedvaldomagalhaes.com.br\/index.php\/wp-json\/wp\/v2\/posts\/68109\/revisions\/68111"}],"wp:featuredmedia":[{"embeddable":true,"href":"https:\/\/blogdoedvaldomagalhaes.com.br\/index.php\/wp-json\/wp\/v2\/media\/68110"}],"wp:attachment":[{"href":"https:\/\/blogdoedvaldomagalhaes.com.br\/index.php\/wp-json\/wp\/v2\/media?parent=68109"}],"wp:term":[{"taxonomy":"category","embeddable":true,"href":"https:\/\/blogdoedvaldomagalhaes.com.br\/index.php\/wp-json\/wp\/v2\/categories?post=68109"},{"taxonomy":"post_tag","embeddable":true,"href":"https:\/\/blogdoedvaldomagalhaes.com.br\/index.php\/wp-json\/wp\/v2\/tags?post=68109"}],"curies":[{"name":"wp","href":"https:\/\/api.w.org\/{rel}","templated":true}]}}