{"id":68092,"date":"2021-03-21T11:38:31","date_gmt":"2021-03-21T14:38:31","guid":{"rendered":"https:\/\/blogdoedvaldomagalhaes.com.br\/?p=68092"},"modified":"2021-03-21T12:25:44","modified_gmt":"2021-03-21T15:25:44","slug":"radialista-ivan-bulhoes-sera-sepultamento-neste-domingo-21","status":"publish","type":"post","link":"https:\/\/blogdoedvaldomagalhaes.com.br\/index.php\/2021\/03\/21\/radialista-ivan-bulhoes-sera-sepultamento-neste-domingo-21\/","title":{"rendered":"Radialista Ivan Bulh\u00f5es ser\u00e1 sepultado neste domingo (21)"},"content":{"rendered":"<p style=\"text-align: justify;\">O corpo do radialista Ivan Bulh\u00f5es, est\u00e1 sendo velado neste momento no Cemit\u00e9rio Parque dos Arcos, em Caruaru. O sepultamento ser\u00e1 no citado Campo Santo, \u00e0s 14h de hoje (21). Ivan, faleceu aos 91 anos,\u00a0na noite desse s\u00e1bado (20).<\/p>\n<p style=\"text-align: justify;\">Ivan Bulh\u00f5es estava na Unidade de Terapia Intensiva (UTI) desde o dia 5 de mar\u00e7o, quando sofreu um Acidente Vascular Cerebral (AVC).<\/p>\n<p style=\"text-align: justify;\">Devido a pandemia da covid-19, o vel\u00f3rio \u00e9 realizado com pouca gente, cumprindo as medidas sanit\u00e1rias, para n\u00e3o gerar aglomera\u00e7\u00e3o.<\/p>\n<p style=\"text-align: justify;\">Tony Gel lamenta morte de Ivan Bulh\u00f5es<\/p>\n<p style=\"text-align: justify;\">Ivan Bulh\u00f5es, uma lenda do nosso r\u00e1dio, um colega muito querido deixa-nos e vai para uma das \u201cmoradas do Pai.\u201d<br \/>\nQue Deus, com sua infinita miseric\u00f3rdia, conforte a fam\u00edlia e os milhares de amigos e f\u00e3s do campe\u00e3o de audi\u00eancia! Muita Luz, amigo Ivan Bulh\u00f5es!<img decoding=\"async\" class=\"emoji\" role=\"img\" draggable=\"false\" src=\"https:\/\/s.w.org\/images\/core\/emoji\/13.0.1\/svg\/1f64f.svg\" alt=\"\ud83d\ude4f\" \/><\/p>\n<p style=\"text-align: justify;\">Tony Gel<\/p>\n<p>NOTA DE PESAR<\/p>\n<p style=\"text-align: justify;\">Caruaru perdeu, neste s\u00e1bado (20), mais um grande nome que fez parte da vida de muita gente e ajudou a construir a hist\u00f3ria da nossa cidade. \u00c9 com tristeza que recebi a not\u00edcia do falecimento do radialista Ivan Bulh\u00f5es, aos 91 anos. \u00c0 fam\u00edlia e amigos, o meu mais fraterno abra\u00e7o nesse momento t\u00e3o triste.<\/p>\n<p>Raquel Lyra,<br \/>\nPrefeita de Caruaru<\/p>\n<p style=\"text-align: justify;\">O Conselho Municipal de Pol\u00edtica Cultural de Caruaru, irmanado por todos os Conselheiros e Suplentes, presta sua homenagem em honra \u00e0 mem\u00f3ria do radialista Ivan Fernandes Bulh\u00f5es, que durante 60 anos deu significativa contribui\u00e7\u00e3o para o desenvolvimento de nossa cultura popular, elevando os nossos artistas da m\u00fasica para al\u00e9m das fronteiras do nosso Estado.<br \/>\nNosso reconhecimento pelos m\u00e9ritos e condol\u00eancias aos familiares e amigos. Vida que segue na eternidade.<\/p>\n<p style=\"text-align: justify;\">_Jos\u00e9 Urbano da Silva_<br \/>\nPresidente<\/p>\n","protected":false},"excerpt":{"rendered":"<p>O corpo do radialista Ivan Bulh\u00f5es, est\u00e1 sendo velado neste momento no Cemit\u00e9rio Parque dos Arcos, em Caruaru. O sepultamento&hellip;<\/p>\n","protected":false},"author":1,"featured_media":68093,"comment_status":"open","ping_status":"open","sticky":false,"template":"","format":"standard","meta":{"footnotes":""},"categories":[14120],"tags":[2,19532,1950,21134],"class_list":["post-68092","post","type-post","status-publish","format-standard","has-post-thumbnail","hentry","category-noticias","tag-blog-do-edvaldo-magalhaes","tag-blog-mais-acessado-e-visualizado-de-caruaru-e-regiao","tag-noticias-de-caruaru","tag-radialista-ivan-bulhoes-sera-sepultamento-neste-domingo-21"],"_links":{"self":[{"href":"https:\/\/blogdoedvaldomagalhaes.com.br\/index.php\/wp-json\/wp\/v2\/posts\/68092","targetHints":{"allow":["GET"]}}],"collection":[{"href":"https:\/\/blogdoedvaldomagalhaes.com.br\/index.php\/wp-json\/wp\/v2\/posts"}],"about":[{"href":"https:\/\/blogdoedvaldomagalhaes.com.br\/index.php\/wp-json\/wp\/v2\/types\/post"}],"author":[{"embeddable":true,"href":"https:\/\/blogdoedvaldomagalhaes.com.br\/index.php\/wp-json\/wp\/v2\/users\/1"}],"replies":[{"embeddable":true,"href":"https:\/\/blogdoedvaldomagalhaes.com.br\/index.php\/wp-json\/wp\/v2\/comments?post=68092"}],"version-history":[{"count":5,"href":"https:\/\/blogdoedvaldomagalhaes.com.br\/index.php\/wp-json\/wp\/v2\/posts\/68092\/revisions"}],"predecessor-version":[{"id":68107,"href":"https:\/\/blogdoedvaldomagalhaes.com.br\/index.php\/wp-json\/wp\/v2\/posts\/68092\/revisions\/68107"}],"wp:featuredmedia":[{"embeddable":true,"href":"https:\/\/blogdoedvaldomagalhaes.com.br\/index.php\/wp-json\/wp\/v2\/media\/68093"}],"wp:attachment":[{"href":"https:\/\/blogdoedvaldomagalhaes.com.br\/index.php\/wp-json\/wp\/v2\/media?parent=68092"}],"wp:term":[{"taxonomy":"category","embeddable":true,"href":"https:\/\/blogdoedvaldomagalhaes.com.br\/index.php\/wp-json\/wp\/v2\/categories?post=68092"},{"taxonomy":"post_tag","embeddable":true,"href":"https:\/\/blogdoedvaldomagalhaes.com.br\/index.php\/wp-json\/wp\/v2\/tags?post=68092"}],"curies":[{"name":"wp","href":"https:\/\/api.w.org\/{rel}","templated":true}]}}