{"id":68081,"date":"2021-03-20T21:54:38","date_gmt":"2021-03-21T00:54:38","guid":{"rendered":"https:\/\/blogdoedvaldomagalhaes.com.br\/?p=68081"},"modified":"2021-03-21T10:59:36","modified_gmt":"2021-03-21T13:59:36","slug":"imprensa-de-luto-morre-radialista-ivan-bulhoes-apos-avc","status":"publish","type":"post","link":"https:\/\/blogdoedvaldomagalhaes.com.br\/index.php\/2021\/03\/20\/imprensa-de-luto-morre-radialista-ivan-bulhoes-apos-avc\/","title":{"rendered":"Imprensa de luto: Morre radialista Ivan Bulh\u00f5es ap\u00f3s AVC"},"content":{"rendered":"<p style=\"text-align: justify;\">Morreu na noite deste s\u00e1bado (20), em Caruaru, Agreste de Pernambuco, o radialista Ivan Bulh\u00f5es, aos 91 anos. Ele estava internado desde o dia 5 deste m\u00eas de mar\u00e7o no Hospital Unimed.<\/p>\n<p style=\"text-align: justify;\">Ivan Bulh\u00f5es, funcion\u00e1rio vital\u00edcio da R\u00e1dio Liberdade, estava internado no Hospital Unimed ap\u00f3s sofrer um Acidente Vascular Cerebral (AVC) e estava na Unidade de Terapia Intensiva (UTI).<\/p>\n<p style=\"text-align: justify;\">O radialista estava afastado dos microfones da R\u00e1dio Liberdade desde o dia 5 de julho de 2017, quando sofreu uma queda em casa e fraturou o f\u00eamur. Foram mais de 60 anos de profiss\u00e3o.<\/p>\n<p style=\"text-align: justify;\">Natural de Alagoas, o radialista foi para o Recife com 14 anos e estava em Caruaru desde 1962. Ele ganhou cinco t\u00edtulos de cidad\u00e3o em Caruaru e em outras cidades do Agreste.<\/p>\n<p style=\"text-align: justify;\">O vel\u00f3rio ocorre no Cemit\u00e9rio Parque dos Arcos, onde ser\u00e1 o sepultamento \u00e0s 14h, deste domingo (21).<\/p>\n<p style=\"text-align: justify;\"><strong>NOTA<\/strong><\/p>\n<p style=\"text-align: justify;\">A R\u00e1dio Liberdade com triste pesar, em nome do seu gerente executivo Ivan de Barros Feitosa, presta solidariedade aos familiares e amigos pelo falecimento de Ivan Bulh\u00f5es, a lenda do r\u00e1dio pernambucano.<\/p>\n<p style=\"text-align: justify;\">Tony Gel lamenta morte de Ivan Bulh\u00f5es<\/p>\n<p style=\"text-align: justify;\">Ivan Bulh\u00f5es, uma lenda do nosso r\u00e1dio, um colega muito querido deixa-nos e vai para uma das \u201cmoradas do Pai.\u201d<br \/>Que Deus, com sua infinita miseric\u00f3rdia, conforte a fam\u00edlia e os milhares de amigos e f\u00e3s do campe\u00e3o de audi\u00eancia! Muita Luz, amigo Ivan Bulh\u00f5es!\ud83d\ude4f<\/p>\n<p style=\"text-align: justify;\">Tony Gel<\/p>\n\n\n<figure class=\"wp-block-image size-large\"><img loading=\"lazy\" decoding=\"async\" width=\"1024\" height=\"740\" src=\"https:\/\/blogdoedvaldomagalhaes.com.br\/wp-content\/uploads\/2021\/03\/IMG-20210321-WA0001-1024x740.jpg\" alt=\"\" class=\"wp-image-68090\" srcset=\"https:\/\/blogdoedvaldomagalhaes.com.br\/wp-content\/uploads\/2021\/03\/IMG-20210321-WA0001-1024x740.jpg 1024w, https:\/\/blogdoedvaldomagalhaes.com.br\/wp-content\/uploads\/2021\/03\/IMG-20210321-WA0001-300x217.jpg 300w, https:\/\/blogdoedvaldomagalhaes.com.br\/wp-content\/uploads\/2021\/03\/IMG-20210321-WA0001-768x555.jpg 768w, https:\/\/blogdoedvaldomagalhaes.com.br\/wp-content\/uploads\/2021\/03\/IMG-20210321-WA0001.jpg 1080w\" sizes=\"auto, (max-width: 1024px) 100vw, 1024px\" \/><figcaption>Tony Gel e Ivan Bulh\u00f5es<\/figcaption><\/figure>\n","protected":false},"excerpt":{"rendered":"<p>Morreu na noite deste s\u00e1bado (20), em Caruaru, Agreste de Pernambuco, o radialista Ivan Bulh\u00f5es, aos 91 anos. Ele estava&hellip;<\/p>\n","protected":false},"author":1,"featured_media":68082,"comment_status":"open","ping_status":"open","sticky":false,"template":"","format":"standard","meta":{"footnotes":""},"categories":[14120],"tags":[2,19532,21133,1950],"class_list":["post-68081","post","type-post","status-publish","format-standard","has-post-thumbnail","hentry","category-noticias","tag-blog-do-edvaldo-magalhaes","tag-blog-mais-acessado-e-visualizado-de-caruaru-e-regiao","tag-imprensa-de-luto-morre-radialista-ivan-bulhoes-apos-avc","tag-noticias-de-caruaru"],"_links":{"self":[{"href":"https:\/\/blogdoedvaldomagalhaes.com.br\/index.php\/wp-json\/wp\/v2\/posts\/68081","targetHints":{"allow":["GET"]}}],"collection":[{"href":"https:\/\/blogdoedvaldomagalhaes.com.br\/index.php\/wp-json\/wp\/v2\/posts"}],"about":[{"href":"https:\/\/blogdoedvaldomagalhaes.com.br\/index.php\/wp-json\/wp\/v2\/types\/post"}],"author":[{"embeddable":true,"href":"https:\/\/blogdoedvaldomagalhaes.com.br\/index.php\/wp-json\/wp\/v2\/users\/1"}],"replies":[{"embeddable":true,"href":"https:\/\/blogdoedvaldomagalhaes.com.br\/index.php\/wp-json\/wp\/v2\/comments?post=68081"}],"version-history":[{"count":4,"href":"https:\/\/blogdoedvaldomagalhaes.com.br\/index.php\/wp-json\/wp\/v2\/posts\/68081\/revisions"}],"predecessor-version":[{"id":68091,"href":"https:\/\/blogdoedvaldomagalhaes.com.br\/index.php\/wp-json\/wp\/v2\/posts\/68081\/revisions\/68091"}],"wp:featuredmedia":[{"embeddable":true,"href":"https:\/\/blogdoedvaldomagalhaes.com.br\/index.php\/wp-json\/wp\/v2\/media\/68082"}],"wp:attachment":[{"href":"https:\/\/blogdoedvaldomagalhaes.com.br\/index.php\/wp-json\/wp\/v2\/media?parent=68081"}],"wp:term":[{"taxonomy":"category","embeddable":true,"href":"https:\/\/blogdoedvaldomagalhaes.com.br\/index.php\/wp-json\/wp\/v2\/categories?post=68081"},{"taxonomy":"post_tag","embeddable":true,"href":"https:\/\/blogdoedvaldomagalhaes.com.br\/index.php\/wp-json\/wp\/v2\/tags?post=68081"}],"curies":[{"name":"wp","href":"https:\/\/api.w.org\/{rel}","templated":true}]}}