{"id":68072,"date":"2021-03-20T20:20:00","date_gmt":"2021-03-20T23:20:00","guid":{"rendered":"https:\/\/blogdoedvaldomagalhaes.com.br\/?p=68072"},"modified":"2021-03-20T20:25:59","modified_gmt":"2021-03-20T23:25:59","slug":"protesto-silencioso-nas-lojas-alerta-sobre-aumento-do-desemprego-em-caruaru","status":"publish","type":"post","link":"https:\/\/blogdoedvaldomagalhaes.com.br\/index.php\/2021\/03\/20\/protesto-silencioso-nas-lojas-alerta-sobre-aumento-do-desemprego-em-caruaru\/","title":{"rendered":"Protesto silencioso nas lojas alerta sobre aumento do desemprego em Caruaru"},"content":{"rendered":"<p style=\"text-align: justify;\">V\u00e1rias lojas no centro de Caruaru, est\u00e3o com cartazes alertando sobre o poss\u00edvel desemprego com a quarentena decretada em todo estado. As lojas mostram a quantidade de empregos gerados e a pergunta: e se ela fechar?<\/p>\n<p style=\"text-align: justify;\">Protestos foram realizados em Caruaru, desde a \u00faltima quarta-feira (17), sendo o primeiro e o segundo no Marco Zero, o terceiro na manh\u00e3 dessa sexta-feira (19), em frente a prefeitura e no Espa\u00e7o Major Clementino, e na tarde deste s\u00e1bado (20), houve uma carreata, que saiu do P\u00e1tio de Eventos Luiz Gonzaga e passou por v\u00e1rias ruas e avenidas da cidade, contra a quarentena, mas at\u00e9 o dia 28 n\u00e3o existe expectativa de reabertura.<\/p>\n\n\n<figure class=\"wp-block-image size-large\"><img loading=\"lazy\" decoding=\"async\" width=\"434\" height=\"488\" src=\"https:\/\/blogdoedvaldomagalhaes.com.br\/wp-content\/uploads\/2021\/03\/IMG-20210320-WA0062.jpg\" alt=\"\" class=\"wp-image-68075\" srcset=\"https:\/\/blogdoedvaldomagalhaes.com.br\/wp-content\/uploads\/2021\/03\/IMG-20210320-WA0062.jpg 434w, https:\/\/blogdoedvaldomagalhaes.com.br\/wp-content\/uploads\/2021\/03\/IMG-20210320-WA0062-267x300.jpg 267w\" sizes=\"auto, (max-width: 434px) 100vw, 434px\" \/><\/figure>\n\n\n\n<figure class=\"wp-block-image size-large\"><img loading=\"lazy\" decoding=\"async\" width=\"987\" height=\"1024\" src=\"https:\/\/blogdoedvaldomagalhaes.com.br\/wp-content\/uploads\/2021\/03\/IMG-20210320-WA0074-987x1024.jpg\" alt=\"\" class=\"wp-image-68079\" srcset=\"https:\/\/blogdoedvaldomagalhaes.com.br\/wp-content\/uploads\/2021\/03\/IMG-20210320-WA0074-987x1024.jpg 987w, https:\/\/blogdoedvaldomagalhaes.com.br\/wp-content\/uploads\/2021\/03\/IMG-20210320-WA0074-289x300.jpg 289w, https:\/\/blogdoedvaldomagalhaes.com.br\/wp-content\/uploads\/2021\/03\/IMG-20210320-WA0074-768x797.jpg 768w, https:\/\/blogdoedvaldomagalhaes.com.br\/wp-content\/uploads\/2021\/03\/IMG-20210320-WA0074.jpg 1234w\" sizes=\"auto, (max-width: 987px) 100vw, 987px\" \/><\/figure>\n","protected":false},"excerpt":{"rendered":"<p>V\u00e1rias lojas no centro de Caruaru, est\u00e3o com cartazes alertando sobre o poss\u00edvel desemprego com a quarentena decretada em todo&hellip;<\/p>\n","protected":false},"author":1,"featured_media":68073,"comment_status":"open","ping_status":"open","sticky":false,"template":"","format":"standard","meta":{"footnotes":""},"categories":[14120],"tags":[2,19532,1950,21132],"class_list":["post-68072","post","type-post","status-publish","format-standard","has-post-thumbnail","hentry","category-noticias","tag-blog-do-edvaldo-magalhaes","tag-blog-mais-acessado-e-visualizado-de-caruaru-e-regiao","tag-noticias-de-caruaru","tag-protesto-silencioso-nas-lojas-alerta-sobre-aumento-do-desemprego-em-caruaru"],"_links":{"self":[{"href":"https:\/\/blogdoedvaldomagalhaes.com.br\/index.php\/wp-json\/wp\/v2\/posts\/68072","targetHints":{"allow":["GET"]}}],"collection":[{"href":"https:\/\/blogdoedvaldomagalhaes.com.br\/index.php\/wp-json\/wp\/v2\/posts"}],"about":[{"href":"https:\/\/blogdoedvaldomagalhaes.com.br\/index.php\/wp-json\/wp\/v2\/types\/post"}],"author":[{"embeddable":true,"href":"https:\/\/blogdoedvaldomagalhaes.com.br\/index.php\/wp-json\/wp\/v2\/users\/1"}],"replies":[{"embeddable":true,"href":"https:\/\/blogdoedvaldomagalhaes.com.br\/index.php\/wp-json\/wp\/v2\/comments?post=68072"}],"version-history":[{"count":3,"href":"https:\/\/blogdoedvaldomagalhaes.com.br\/index.php\/wp-json\/wp\/v2\/posts\/68072\/revisions"}],"predecessor-version":[{"id":68080,"href":"https:\/\/blogdoedvaldomagalhaes.com.br\/index.php\/wp-json\/wp\/v2\/posts\/68072\/revisions\/68080"}],"wp:featuredmedia":[{"embeddable":true,"href":"https:\/\/blogdoedvaldomagalhaes.com.br\/index.php\/wp-json\/wp\/v2\/media\/68073"}],"wp:attachment":[{"href":"https:\/\/blogdoedvaldomagalhaes.com.br\/index.php\/wp-json\/wp\/v2\/media?parent=68072"}],"wp:term":[{"taxonomy":"category","embeddable":true,"href":"https:\/\/blogdoedvaldomagalhaes.com.br\/index.php\/wp-json\/wp\/v2\/categories?post=68072"},{"taxonomy":"post_tag","embeddable":true,"href":"https:\/\/blogdoedvaldomagalhaes.com.br\/index.php\/wp-json\/wp\/v2\/tags?post=68072"}],"curies":[{"name":"wp","href":"https:\/\/api.w.org\/{rel}","templated":true}]}}