{"id":68048,"date":"2021-03-20T14:13:39","date_gmt":"2021-03-20T17:13:39","guid":{"rendered":"https:\/\/blogdoedvaldomagalhaes.com.br\/?p=68048"},"modified":"2021-03-20T14:37:14","modified_gmt":"2021-03-20T17:37:14","slug":"morre-em-caruaru-influenciador-digital-vitima-de-infarto","status":"publish","type":"post","link":"https:\/\/blogdoedvaldomagalhaes.com.br\/index.php\/2021\/03\/20\/morre-em-caruaru-influenciador-digital-vitima-de-infarto\/","title":{"rendered":"Morre em Caruaru Influenciador Digital v\u00edtima de infarto"},"content":{"rendered":"<p style=\"text-align: justify;\"><span style=\"font-size: inherit;\">Morreu na noite dessa sexta-feira (19), em Caruaru, v\u00edtima de parada c\u00e1rdio respirat\u00f3ria, o Influenciador Digital, Joelmir Neves, conhecido nas redes sociais como Pr\u00edncipe Influencer, 33 anos de idade. <\/span><\/p>\n<p style=\"text-align: justify;\"><span style=\"font-size: inherit;\">Joelmir estava jantando, na casa da irm\u00e3, chegou a ser tendido por uma equipe do SAMU, mas, infelizmente ele n\u00e3o resistiu e faleceu dentro da ambul\u00e2ncia.<\/span><span style=\"font-size: inherit;\">\u00a0Ele dava dicas de decora\u00e7\u00e3o do Lar.<\/span><\/p>\n<p style=\"text-align: justify;\">As amigas de Joelmir Neves, publicaram nas redes sociais:<\/p>\n<p style=\"text-align: justify;\">Maanu Ara\u00fajo:\u00a0 Uma grande perda! Uma pessoa t\u00e3o boa, t\u00e3o querido, alto astral, um profissional \u00edmpar, todo mundo que j\u00e1 trabalhou com a\u00e7\u00e3o em Caruaru com vc sabe do que t\u00f4 falando. Deus cuide dos familiares.<br \/>\nCuida da gente a\u00ed do c\u00e9u Joelmir Neves<br \/>\nA n\u00edvel de informa\u00e7\u00e3o, n\u00e3o foi covid, ele infartou!!!<\/p>\n<p style=\"text-align: justify;\">Dayana Mayara: Obrigada por tudo meu amigo \ud83d\udda4<br \/>\nTe amo para sempre \ud83d\ude2d Joelmir Neves #luto<\/p>\n","protected":false},"excerpt":{"rendered":"<p>Morreu na noite dessa sexta-feira (19), em Caruaru, v\u00edtima de parada c\u00e1rdio respirat\u00f3ria, o Influenciador Digital, Joelmir Neves, conhecido nas&hellip;<\/p>\n","protected":false},"author":1,"featured_media":68049,"comment_status":"open","ping_status":"open","sticky":false,"template":"","format":"standard","meta":{"footnotes":""},"categories":[14120],"tags":[2,19532,21131,21130,1950],"class_list":["post-68048","post","type-post","status-publish","format-standard","has-post-thumbnail","hentry","category-noticias","tag-blog-do-edvaldo-magalhaes","tag-blog-mais-acessado-e-visualizado-de-caruaru-e-regiao","tag-joelmir-neves","tag-morre-em-caruaru-influenciador-digital-vitima-de-infarto","tag-noticias-de-caruaru"],"_links":{"self":[{"href":"https:\/\/blogdoedvaldomagalhaes.com.br\/index.php\/wp-json\/wp\/v2\/posts\/68048","targetHints":{"allow":["GET"]}}],"collection":[{"href":"https:\/\/blogdoedvaldomagalhaes.com.br\/index.php\/wp-json\/wp\/v2\/posts"}],"about":[{"href":"https:\/\/blogdoedvaldomagalhaes.com.br\/index.php\/wp-json\/wp\/v2\/types\/post"}],"author":[{"embeddable":true,"href":"https:\/\/blogdoedvaldomagalhaes.com.br\/index.php\/wp-json\/wp\/v2\/users\/1"}],"replies":[{"embeddable":true,"href":"https:\/\/blogdoedvaldomagalhaes.com.br\/index.php\/wp-json\/wp\/v2\/comments?post=68048"}],"version-history":[{"count":10,"href":"https:\/\/blogdoedvaldomagalhaes.com.br\/index.php\/wp-json\/wp\/v2\/posts\/68048\/revisions"}],"predecessor-version":[{"id":68066,"href":"https:\/\/blogdoedvaldomagalhaes.com.br\/index.php\/wp-json\/wp\/v2\/posts\/68048\/revisions\/68066"}],"wp:featuredmedia":[{"embeddable":true,"href":"https:\/\/blogdoedvaldomagalhaes.com.br\/index.php\/wp-json\/wp\/v2\/media\/68049"}],"wp:attachment":[{"href":"https:\/\/blogdoedvaldomagalhaes.com.br\/index.php\/wp-json\/wp\/v2\/media?parent=68048"}],"wp:term":[{"taxonomy":"category","embeddable":true,"href":"https:\/\/blogdoedvaldomagalhaes.com.br\/index.php\/wp-json\/wp\/v2\/categories?post=68048"},{"taxonomy":"post_tag","embeddable":true,"href":"https:\/\/blogdoedvaldomagalhaes.com.br\/index.php\/wp-json\/wp\/v2\/tags?post=68048"}],"curies":[{"name":"wp","href":"https:\/\/api.w.org\/{rel}","templated":true}]}}