{"id":67965,"date":"2021-03-18T14:51:12","date_gmt":"2021-03-18T17:51:12","guid":{"rendered":"https:\/\/blogdoedvaldomagalhaes.com.br\/?p=67965"},"modified":"2021-03-18T14:51:14","modified_gmt":"2021-03-18T17:51:14","slug":"prorrogada-em-caruaru-validade-dos-alvaras-de-licenca-de-mototaxistas-taxistas-e-transportes-escolares","status":"publish","type":"post","link":"https:\/\/blogdoedvaldomagalhaes.com.br\/index.php\/2021\/03\/18\/prorrogada-em-caruaru-validade-dos-alvaras-de-licenca-de-mototaxistas-taxistas-e-transportes-escolares\/","title":{"rendered":"Prorrogada em Caruaru validade dos alvar\u00e1s de licen\u00e7a de mototaxistas, taxistas e transportes escolares"},"content":{"rendered":"<p style=\"text-align: justify;\">Prorrogado em Caruaru, por 60 dias o prazo de validade dos alvar\u00e1s de licen\u00e7as de mototaxistas, taxistas e transportes escolares emitidos no ano de 2020. At\u00e9 o fim do prazo de prorroga\u00e7\u00e3o, ser\u00e3o anunciadas novas datas de vistorias para emiss\u00e3o dos alvar\u00e1s relativos ao ano de 2021.<\/p>\n<p style=\"text-align: justify;\">Tamb\u00e9m ser\u00e1 realizada atualiza\u00e7\u00e3o cadastral de todos os licenciados para a presta\u00e7\u00e3o do seu respectivo tipo de transporte. Para acelerar o atendimento de atualiza\u00e7\u00e3o cadastral, a autarquia disponibilizar\u00e1 um site para envio pr\u00e9vio de documentos e posterior agendamento de vistoria veicular.<\/p>\n","protected":false},"excerpt":{"rendered":"<p>Prorrogado em Caruaru, por 60 dias o prazo de validade dos alvar\u00e1s de licen\u00e7as de mototaxistas, taxistas e transportes escolares&hellip;<\/p>\n","protected":false},"author":1,"featured_media":67966,"comment_status":"open","ping_status":"open","sticky":false,"template":"","format":"standard","meta":{"footnotes":""},"categories":[14120],"tags":[2,19532,1950,19670,21106],"class_list":["post-67965","post","type-post","status-publish","format-standard","has-post-thumbnail","hentry","category-noticias","tag-blog-do-edvaldo-magalhaes","tag-blog-mais-acessado-e-visualizado-de-caruaru-e-regiao","tag-noticias-de-caruaru","tag-novo-coronavirus","tag-prorrogada-em-caruaru-validade-dos-alvaras-de-licenca-de-mototaxistas-taxistas-e-transportes-escolares"],"_links":{"self":[{"href":"https:\/\/blogdoedvaldomagalhaes.com.br\/index.php\/wp-json\/wp\/v2\/posts\/67965","targetHints":{"allow":["GET"]}}],"collection":[{"href":"https:\/\/blogdoedvaldomagalhaes.com.br\/index.php\/wp-json\/wp\/v2\/posts"}],"about":[{"href":"https:\/\/blogdoedvaldomagalhaes.com.br\/index.php\/wp-json\/wp\/v2\/types\/post"}],"author":[{"embeddable":true,"href":"https:\/\/blogdoedvaldomagalhaes.com.br\/index.php\/wp-json\/wp\/v2\/users\/1"}],"replies":[{"embeddable":true,"href":"https:\/\/blogdoedvaldomagalhaes.com.br\/index.php\/wp-json\/wp\/v2\/comments?post=67965"}],"version-history":[{"count":1,"href":"https:\/\/blogdoedvaldomagalhaes.com.br\/index.php\/wp-json\/wp\/v2\/posts\/67965\/revisions"}],"predecessor-version":[{"id":67967,"href":"https:\/\/blogdoedvaldomagalhaes.com.br\/index.php\/wp-json\/wp\/v2\/posts\/67965\/revisions\/67967"}],"wp:featuredmedia":[{"embeddable":true,"href":"https:\/\/blogdoedvaldomagalhaes.com.br\/index.php\/wp-json\/wp\/v2\/media\/67966"}],"wp:attachment":[{"href":"https:\/\/blogdoedvaldomagalhaes.com.br\/index.php\/wp-json\/wp\/v2\/media?parent=67965"}],"wp:term":[{"taxonomy":"category","embeddable":true,"href":"https:\/\/blogdoedvaldomagalhaes.com.br\/index.php\/wp-json\/wp\/v2\/categories?post=67965"},{"taxonomy":"post_tag","embeddable":true,"href":"https:\/\/blogdoedvaldomagalhaes.com.br\/index.php\/wp-json\/wp\/v2\/tags?post=67965"}],"curies":[{"name":"wp","href":"https:\/\/api.w.org\/{rel}","templated":true}]}}