{"id":67962,"date":"2021-03-18T12:58:38","date_gmt":"2021-03-18T15:58:38","guid":{"rendered":"https:\/\/blogdoedvaldomagalhaes.com.br\/?p=67962"},"modified":"2021-03-18T19:26:31","modified_gmt":"2021-03-18T22:26:31","slug":"secretaria-de-saude-pe-registra-mais-de-2-novos-casos-de-covid-19-e-mais-de-50-mortes","status":"publish","type":"post","link":"https:\/\/blogdoedvaldomagalhaes.com.br\/index.php\/2021\/03\/18\/secretaria-de-saude-pe-registra-mais-de-2-novos-casos-de-covid-19-e-mais-de-50-mortes\/","title":{"rendered":"Secretaria de Sa\u00fade-PE registra mais de 2 mil novos casos de covid-19 e mais de 50 mortes"},"content":{"rendered":"<p style=\"text-align: justify;\"><span style=\"font-size: inherit;\">A Secretaria Estadual de Sa\u00fade (SES-PE) registrou, nesta quinta-feira (18\/03), 2.139 casos da Covid-19. Entre os confirmados hoje, 130 (6%) s\u00e3o casos de S\u00edndrome Respirat\u00f3ria Aguda Grave (SRAG) e 2.009 (94%) s\u00e3o leves. Agora, Pernambuco totaliza 325.315 casos confirmados da doen\u00e7a, sendo 34.050 graves e 291.265 leves, que est\u00e3o distribu\u00eddos por todos os 184 munic\u00edpios pernambucanos, al\u00e9m do arquip\u00e9lago de Fernando de Noronha.<\/span><\/p>\n<div>\n<div dir=\"ltr\">\n<p style=\"text-align: justify;\"><span lang=\"PT\">Al\u00e9m disso, o boletim registra um total de 278.825 pacientes recuperados da doen\u00e7a. Destes, 20.289 eram pacientes graves, que necessitaram de internamento hospitalar, e 258.536 eram casos leves.<\/span><\/p>\n<p style=\"text-align: justify;\"><span lang=\"PT\">Tamb\u00e9m foram confirmados\u00a0 laboratorialmente 53 novos \u00f3bitos (27 masculinos e 26 femininos), ocorridos entre os dias 22\/07\/2020 e 17\/03\/2021. As novas mortes s\u00e3o\u00a0 de pessoas residentes dos munic\u00edpios de Abreu e Lima (2), Afogados da Ingazeira (1), Amaraji (1), Bezerros (1), Bu\u00edque (1), Cabo de Santo Agostinho (1), Camaragibe (1), Capoeiras (1), Carpina (3), Caruaru (1), Ch\u00e3 de Alegria (1), Feira Nova (1), Igarassu (1), Jaboat\u00e3o dos Guararapes (4), Nazar\u00e9 da Mata (1), Olinda (4), Orob\u00f3 (1), Ouricuri (1), Paudalho (1), Paulista (3), Petrol\u00e2ndia (1), Petrolina (3), Recife (10), S\u00e3o Joaquim do Monte (1), S\u00e3o Jos\u00e9 do Egito (1), Sert\u00e2nia (1), Timba\u00faba (1), Toritama (1), Tracunha\u00e9m (2) e Vic\u00eancia (1). Com isso, o Estado totaliza 11.563 mortes pela doen\u00e7a.<\/span><\/p>\n<p style=\"text-align: justify;\"><span lang=\"PT\">Os pacientes tinham idades entre 19 e 101 anos. As faixas et\u00e1rias s\u00e3o: 10 a 19 (1), 30 a 39 (2), 40 a 49 (5), 50 a 59 (7), 60 a 69 (10), 70 a 79 (16) e 80 ou mais (12). Do total,\u00a0\u00a044 tinham\u00a0 doen\u00e7as pr\u00e9-existentes: doen\u00e7a cardiovascular (22), diabetes (18), hipertens\u00e3o (7), doen\u00e7a respirat\u00f3ria (5), obesidade (5), etilismo\/hist\u00f3rico de etilismo (2), tabagismo\/hist\u00f3rico de<\/span><span lang=\"PT\"> tabagismo (2), doen\u00e7a\u00a0renal\u00a0(1), doen\u00e7a neurol\u00f3gica (1),\u00a0Imunossupress\u00e3o (1),\u00a0AVC (1),\u00a0e doen\u00e7a hep\u00e1tica (1) &#8211; um paciente pode ter mais de uma comorbidades.\u00a0Um paciente n\u00e3o tinha comorbidades e os\u00a0demais\u00a0seguem\u00a0em investiga\u00e7\u00e3o.<\/span><\/p>\n<p style=\"text-align: justify;\"><span lang=\"PT\">Com rela\u00e7\u00e3o \u00e0 testagem dos profissionais de sa\u00fade com sintomas de gripe, em Pernambuco, at\u00e9 agora, 27.266 casos foram confirmados e 46.529 descartados. As testagens entre os trabalhadores do setor abrangem os profissionais de todas as unidades de sa\u00fade, sejam da rede p\u00fablica (estadual e municipal) ou privada. O Governo de Pernambuco foi o primeiro do pa\u00eds a criar um protocolo para testar e afastar os profissionais da \u00e1rea da sa\u00fade com sintomas gripais.<\/span><\/p>\n<p style=\"text-align: justify;\"><b><span lang=\"PT\">LEITOS &#8211;<\/span><\/b><span lang=\"PT\">\u00a0Durante a coletiva de imprensa online do Governo de Pernambuco, o secret\u00e1rio estadual de Sa\u00fade, Andr\u00e9 Longo, fez um balan\u00e7o dos \u00faltimos esfor\u00e7os do Governo de Pernambuco no enfrentamento \u00e0 pandemia da Covid-19. Uma das principais estrat\u00e9gias foi a amplia\u00e7\u00e3o de leitos voltados exclusivamente para pacientes suspeitos ou confirmados para a doen\u00e7a. O Estado superou, nesta quinta-feira (18), a marca de 2,4 mil leitos, sendo 1.324 de UTI, efetivamente abertos para atender a popula\u00e7\u00e3o.<\/span><\/p>\n<p style=\"text-align: justify;\"><span lang=\"PT\">\u201cA velocidade de abertura de novas vagas de terapia intensiva em Pernambuco \u00e9 recorde. Desde segunda-feira (15), foram mais de 73 leitos de UTI em todas as regi\u00f5es do Estado. Para se ter uma ideia, desde o in\u00edcio do m\u00eas de mar\u00e7o, abrimos 303 novas vagas. Esse n\u00famero representa cinco vezes a capacidade instalada de UTI no Hospital da Restaura\u00e7\u00e3o (HR). E \u00e9 15 vezes maior que os leitos de UTI que t\u00ednhamos em todos os hospitais de campanha estaduais desativados no ano passado\u201d, pontuou Longo.<\/span><\/p>\n<p style=\"text-align: justify;\"><span lang=\"PT\">Das 73 novas vagas, 10 s\u00e3o no Hospital Eduardo Campos da Pessoa Idosa, 10 s\u00e3o leitos pedi\u00e1tricos no Instituto de Medicina Integral Professor Fernando Figueira (Imip), 4 no Cesac unidade Prado, 10 no Hospital do Tricenten\u00e1rio, 3 no Vale do Una, em Palmares, 8 no Neuroc\u00e1rdio (Petrolina), 8 no Hospital das Cl\u00ednicas (HC\/UFPE), 10 no Jesus Pequenino, em Bezerros, e 10 no Hospital Eduardo Campos, em Serra Talhada.<\/span><\/p>\n<p style=\"text-align: justify;\"><span lang=\"PT\">O secret\u00e1rio alertou, no entanto, que mesmo com todos os esfor\u00e7os para ampliar a rede, o sistema de sa\u00fade pernambucano est\u00e1 cada vez mais pr\u00f3ximo do limite, o que refor\u00e7a a necessidade de coopera\u00e7\u00e3o por parte de todos. \u201cQuem trabalha na \u00e1rea da sa\u00fade sabe que n\u00e3o \u00e9 uma tarefa simples colocar um leito de UTI para funcionar. Seguimos trabalhando para abrir novos leitos, mas, mesmo com os esfor\u00e7os, nosso sistema de sa\u00fade est\u00e1 cada vez mais pressionado. A cada dia, o v\u00edrus se torna mais perigoso e sua propaga\u00e7\u00e3o mais r\u00e1pidos. Sabemos que ampliar o n\u00famero de leitos \u00e9 essencial para a recupera\u00e7\u00e3o de pacientes graves, mas, neste momento, o esfor\u00e7o precisa ser ainda maior e de todos. A \u00fanica medida capaz de frear a curva crescente da Covid-19 \u00e9 reduzir a circula\u00e7\u00e3o de pessoas\u201d, refor\u00e7ou.<\/span><\/p>\n<p style=\"text-align: justify;\"><b><span lang=\"PT\">MORTALIDADE<\/span><\/b><span lang=\"PT\">\u00a0\u2013 Em an\u00e1lise do cen\u00e1rio epidemiol\u00f3gico da Covid-19 em Pernambuco, o secret\u00e1rio Andr\u00e9 Longo fez um comparativo entre a m\u00e9dia m\u00f3vel de mortes registradas nos \u00faltimos sete dias para cada 100 mil habitantes em diversos estados brasileiros. Atualmente, a taxa em Pernambuco est\u00e1 em 0,42 \u2013 somente o Estado e o Maranh\u00e3o est\u00e3o com taxa abaixo de 0,5.<\/span><\/p>\n<p style=\"text-align: justify;\"><span lang=\"PT\">\u201cO v\u00edrus mata. E mata em uma escala assustadora, como j\u00e1 vemos pelas taxas de outros estados, como S\u00e3o Paulo (0,90), Paran\u00e1 (1,40) e Rio Grande do Sul (2,16), onde a mortalidade \u00e9 de duas a seis vezes maiores do que a registrada atualmente em Pernambuco. No Rio Grande do Sul, por exemplo, s\u00e3o mais de 200 mortes por dia em m\u00e9dia. Aqui, estamos com uma m\u00e9dia de 43 \u00f3bitos. Mas, se n\u00e3o mudarmos o curso da doen\u00e7a agora, em breve, poderemos chegar no mesmo patamar\u201d, alertou o secret\u00e1rio, refor\u00e7ando, ainda, o cen\u00e1rio nas redes p\u00fablica e privada. \u201c\u00c9 preciso lembrar, mais uma vez, que, se n\u00e3o nos unirmos em um grande pacto em defesa da vida, v\u00e3o faltar leitos. As pessoas v\u00e3o morrer esperando vaga de UTI. E o fato de ter plano de sa\u00fade ou dinheiro n\u00e3o vai mudar a situa\u00e7\u00e3o\u201d.<\/span><\/p>\n<p style=\"text-align: justify;\"><b><span lang=\"PT\">REDES SOCIAIS<\/span><\/b><span lang=\"PT\"> \u2013 A partir desta quinta-feira (18), a Secretaria Estadual de Sa\u00fade inicia uma campanha nas redes sociais para conscientizar a sociedade pernambucana durante os pr\u00f3ximos dias de quarentena. No material, profissionais de sa\u00fade de diversas unidades ligadas \u00e0 rede estadual compartilham as experi\u00eancias vividas em um ano de pandemia e fazem um apelo para que a popula\u00e7\u00e3o cumpra as medidas de restri\u00e7\u00e3o e fiquem em casa.<\/span><\/p>\n<p style=\"text-align: justify;\"><span lang=\"PT\">\u00a0\u201cSe voc\u00ea n\u00e3o se preocupa com a sua vida, pense nos trabalhadores da sa\u00fade que est\u00e3o h\u00e1 mais de um ano enfrentando, diariamente, o medo e o excesso de trabalho para tentar salvar vidas. N\u00e3o d\u00e1 para aceitar que, passado um ano de pandemia, algu\u00e9m ainda n\u00e3o acredite na gravidade dessa doen\u00e7a. Escute quem est\u00e1 cuidando diretamente dos pacientes: o Brasil est\u00e1 vivendo o momento mais dif\u00edcil de nossa hist\u00f3ria recente. Ent\u00e3o fique atento aos pedidos dos nossos profissionais. Se proteja, respeite as normas sanit\u00e1rias e fique em casa\u201d, frisou o secret\u00e1rio Andr\u00e9 Longo.<\/span><\/p>\n<p style=\"text-align: justify;\"><b><span lang=\"PT\">BALAN\u00c7O DA VACINA\u00c7\u00c3O<\/span><\/b><span lang=\"PT\">\u00a0&#8211; Pernambuco j\u00e1 aplicou 668.634 doses da vacina contra a Covid-19, das quais 489.363 foram primeiras doses. Ao todo, foram feitas a primeira dose em 185.373 trabalhadores de sa\u00fade; 24.466 povos ind\u00edgenas aldeados; 6.097 idosos em Institui\u00e7\u00f5es de Longa Perman\u00eancia; 35.404 idosos de 70 a 74 anos; 68.386 idosos de 75 a 79 anos; 85.231 idosos de 80 a 84 anos; 83.539 idosos a partir de 85 anos; al\u00e9m de 867 pessoas com defici\u00eancia institucionalizadas.<\/span><\/p>\n<p style=\"text-align: justify;\"><span lang=\"PT\">Em rela\u00e7\u00e3o \u00e0 segunda dose, j\u00e1 foram beneficiados 134.247 trabalhadores de sa\u00fade; 23.230 povos ind\u00edgenas aldeados; 4.314 idosos institucionalizados; 15.834 idosos de 80 a 84 anos; 932 idosos a partir de 85 anos e 620 pessoas com defici\u00eancia institucionalizadas; totalizando 179.271 pessoas que j\u00e1 finalizaram o esquema.<\/span><\/p>\n<\/div>\n<\/div>\n<p style=\"text-align: justify;\">Foto ilustrativa: Teste de coronav\u00edrus &#8211; AFP.<\/p>\n","protected":false},"excerpt":{"rendered":"<p>A Secretaria Estadual de Sa\u00fade (SES-PE) registrou, nesta quinta-feira (18\/03), 2.139 casos da Covid-19. Entre os confirmados hoje, 130 (6%)&hellip;<\/p>\n","protected":false},"author":1,"featured_media":67963,"comment_status":"open","ping_status":"open","sticky":false,"template":"","format":"standard","meta":{"footnotes":""},"categories":[14120],"tags":[2,19532,19670,21105],"class_list":["post-67962","post","type-post","status-publish","format-standard","has-post-thumbnail","hentry","category-noticias","tag-blog-do-edvaldo-magalhaes","tag-blog-mais-acessado-e-visualizado-de-caruaru-e-regiao","tag-novo-coronavirus","tag-secretaria-de-saude-pe-registra-mais-de-2-novos-casos-de-covid-19-e-mais-de-50-mortes"],"_links":{"self":[{"href":"https:\/\/blogdoedvaldomagalhaes.com.br\/index.php\/wp-json\/wp\/v2\/posts\/67962","targetHints":{"allow":["GET"]}}],"collection":[{"href":"https:\/\/blogdoedvaldomagalhaes.com.br\/index.php\/wp-json\/wp\/v2\/posts"}],"about":[{"href":"https:\/\/blogdoedvaldomagalhaes.com.br\/index.php\/wp-json\/wp\/v2\/types\/post"}],"author":[{"embeddable":true,"href":"https:\/\/blogdoedvaldomagalhaes.com.br\/index.php\/wp-json\/wp\/v2\/users\/1"}],"replies":[{"embeddable":true,"href":"https:\/\/blogdoedvaldomagalhaes.com.br\/index.php\/wp-json\/wp\/v2\/comments?post=67962"}],"version-history":[{"count":4,"href":"https:\/\/blogdoedvaldomagalhaes.com.br\/index.php\/wp-json\/wp\/v2\/posts\/67962\/revisions"}],"predecessor-version":[{"id":67983,"href":"https:\/\/blogdoedvaldomagalhaes.com.br\/index.php\/wp-json\/wp\/v2\/posts\/67962\/revisions\/67983"}],"wp:featuredmedia":[{"embeddable":true,"href":"https:\/\/blogdoedvaldomagalhaes.com.br\/index.php\/wp-json\/wp\/v2\/media\/67963"}],"wp:attachment":[{"href":"https:\/\/blogdoedvaldomagalhaes.com.br\/index.php\/wp-json\/wp\/v2\/media?parent=67962"}],"wp:term":[{"taxonomy":"category","embeddable":true,"href":"https:\/\/blogdoedvaldomagalhaes.com.br\/index.php\/wp-json\/wp\/v2\/categories?post=67962"},{"taxonomy":"post_tag","embeddable":true,"href":"https:\/\/blogdoedvaldomagalhaes.com.br\/index.php\/wp-json\/wp\/v2\/tags?post=67962"}],"curies":[{"name":"wp","href":"https:\/\/api.w.org\/{rel}","templated":true}]}}