{"id":67959,"date":"2021-03-18T11:30:49","date_gmt":"2021-03-18T14:30:49","guid":{"rendered":"https:\/\/blogdoedvaldomagalhaes.com.br\/?p=67959"},"modified":"2021-03-18T11:30:50","modified_gmt":"2021-03-18T14:30:50","slug":"homem-e-detido-com-pistola-e-caminhonete-roubada-em-caruaru","status":"publish","type":"post","link":"https:\/\/blogdoedvaldomagalhaes.com.br\/index.php\/2021\/03\/18\/homem-e-detido-com-pistola-e-caminhonete-roubada-em-caruaru\/","title":{"rendered":"Homem \u00e9 detido com pistola e caminhonete roubada em Caruaru"},"content":{"rendered":"<p style=\"text-align: justify;\"><span style=\"font-size: inherit;\">Em opera\u00e7\u00e3o conjunta envolvendo o 1\u00ba Batalh\u00e3o Integrado Especializado (BIEsp) e a Pol\u00edcia Rodovi\u00e1ria Federal (PRF), um homem que estava em uma caminhonete roubada e com uma pistola foi detido nesta ter\u00e7a-feira (09), em Caruaru, no Agreste de Pernambuco.<\/span><\/p>\n<p style=\"text-align: justify;\">Policiais realizavam uma fiscaliza\u00e7\u00e3o no Km 53 da rodovia, quando deram ordem de parada ao motorista de uma caminhonete, que desobedeceu e acessou uma rua da Vila Rafael. Em seguida, ele pulou do ve\u00edculo em movimento e tentou fugir a p\u00e9, mas foi alcan\u00e7ado.<\/p>\n<p style=\"text-align: justify;\">Em consulta, a equipe descobriu que a caminhonete havia sido roubada em Caruaru no m\u00eas de janeiro deste ano, e as placas originais estavam dentro do ve\u00edculo. O motorista informou que tinha passagem na pol\u00edcia por roubo, mas n\u00e3o disse onde havia adquirido a arma.<\/p>\n<p style=\"text-align: justify;\">O homem foi encaminhado junto com a pistola e a caminhonete \u00e0 Delegacia de Pol\u00edcia de Caruaru, para a ado\u00e7\u00e3o dos procedimentos legais.<\/p>\n","protected":false},"excerpt":{"rendered":"<p>Em opera\u00e7\u00e3o conjunta envolvendo o 1\u00ba Batalh\u00e3o Integrado Especializado (BIEsp) e a Pol\u00edcia Rodovi\u00e1ria Federal (PRF), um homem que estava&hellip;<\/p>\n","protected":false},"author":1,"featured_media":67960,"comment_status":"open","ping_status":"open","sticky":false,"template":"","format":"standard","meta":{"footnotes":""},"categories":[1],"tags":[2,19532,21104],"class_list":["post-67959","post","type-post","status-publish","format-standard","has-post-thumbnail","hentry","category-sem-categoria","tag-blog-do-edvaldo-magalhaes","tag-blog-mais-acessado-e-visualizado-de-caruaru-e-regiao","tag-homem-e-detido-com-pistola-e-caminhonete-roubada-em-caruaru"],"_links":{"self":[{"href":"https:\/\/blogdoedvaldomagalhaes.com.br\/index.php\/wp-json\/wp\/v2\/posts\/67959","targetHints":{"allow":["GET"]}}],"collection":[{"href":"https:\/\/blogdoedvaldomagalhaes.com.br\/index.php\/wp-json\/wp\/v2\/posts"}],"about":[{"href":"https:\/\/blogdoedvaldomagalhaes.com.br\/index.php\/wp-json\/wp\/v2\/types\/post"}],"author":[{"embeddable":true,"href":"https:\/\/blogdoedvaldomagalhaes.com.br\/index.php\/wp-json\/wp\/v2\/users\/1"}],"replies":[{"embeddable":true,"href":"https:\/\/blogdoedvaldomagalhaes.com.br\/index.php\/wp-json\/wp\/v2\/comments?post=67959"}],"version-history":[{"count":1,"href":"https:\/\/blogdoedvaldomagalhaes.com.br\/index.php\/wp-json\/wp\/v2\/posts\/67959\/revisions"}],"predecessor-version":[{"id":67961,"href":"https:\/\/blogdoedvaldomagalhaes.com.br\/index.php\/wp-json\/wp\/v2\/posts\/67959\/revisions\/67961"}],"wp:featuredmedia":[{"embeddable":true,"href":"https:\/\/blogdoedvaldomagalhaes.com.br\/index.php\/wp-json\/wp\/v2\/media\/67960"}],"wp:attachment":[{"href":"https:\/\/blogdoedvaldomagalhaes.com.br\/index.php\/wp-json\/wp\/v2\/media?parent=67959"}],"wp:term":[{"taxonomy":"category","embeddable":true,"href":"https:\/\/blogdoedvaldomagalhaes.com.br\/index.php\/wp-json\/wp\/v2\/categories?post=67959"},{"taxonomy":"post_tag","embeddable":true,"href":"https:\/\/blogdoedvaldomagalhaes.com.br\/index.php\/wp-json\/wp\/v2\/tags?post=67959"}],"curies":[{"name":"wp","href":"https:\/\/api.w.org\/{rel}","templated":true}]}}