{"id":67956,"date":"2021-03-18T10:55:09","date_gmt":"2021-03-18T13:55:09","guid":{"rendered":"https:\/\/blogdoedvaldomagalhaes.com.br\/?p=67956"},"modified":"2021-03-18T10:55:11","modified_gmt":"2021-03-18T13:55:11","slug":"sindloja-emite-carta-ao-governador-para-o-funcionamento-do-comercio-de-caruaru","status":"publish","type":"post","link":"https:\/\/blogdoedvaldomagalhaes.com.br\/index.php\/2021\/03\/18\/sindloja-emite-carta-ao-governador-para-o-funcionamento-do-comercio-de-caruaru\/","title":{"rendered":"Sindloja emite carta ao governador para o funcionamento do com\u00e9rcio de Caruaru"},"content":{"rendered":"<p style=\"text-align: justify;\">O Sindicato dos Lojistas do Com\u00e9rcio de Caruaru (Sindloja), que representa as empresas do com\u00e9rcio varejista de bens, servi\u00e7os, turismo e g\u00eaneros aliment\u00edcios, torna p\u00fablica a sua discord\u00e2ncia com o novo decreto do governo estadual, sob n\u00ba 50.433, de 15\/03\/2021, que estabelece novas medidas restritivas e fechamento das atividades sociais e econ\u00f4micas, no per\u00edodo de 18 a 28 de mar\u00e7o de 2021. Leia a carta aberta, enviada ao governador.<\/p>\n<p style=\"text-align: justify;\"><strong>CARTA ABERTA<\/strong><\/p>\n<p style=\"text-align: justify;\">Ao Sr. governador Paulo C\u00e2mara,<\/p>\n<p style=\"text-align: justify;\">O Sindicato dos Lojistas do Com\u00e9rcio de Caruaru (Sindloja), que representa as empresas do com\u00e9rcio varejista de bens, servi\u00e7os, turismo e g\u00eaneros aliment\u00edcios, torna p\u00fablica a sua discord\u00e2ncia com o novo decreto do governo estadual, sob n\u00ba 50.433, de 15\/03\/2021, que estabelece novas medidas restritivas e fechamento das atividades\u00a0sociais e econ\u00f4micas, no per\u00edodo de 18 a 28 de mar\u00e7o de 2021.<\/p>\n<p style=\"text-align: justify;\">Ciente do grave momento que a rede de sa\u00fade enfrenta, a entidade se coloca \u00e0 disposi\u00e7\u00e3o para colaborar com medidas que ajudem a amenizar essa crise, refor\u00e7a que sempre defendeu a preven\u00e7\u00e3o e a vida, viabilizando medidas para proteger a sociedade\u00a0local e regional contra o avan\u00e7o da covid-19.<\/p>\n<p style=\"text-align: justify;\">No entanto, a entidade sindical reitera a import\u00e2ncia de preservar empregos, empresas e renda da regi\u00e3o, pelo que entende que o fechamento das atividades empresariais n\u00e3o \u00e9 a melhor solu\u00e7\u00e3o para enfretamento da dissemina\u00e7\u00e3o do coronav\u00edrus.<\/p>\n<p style=\"text-align: justify;\">O setor produtivo foi muito penalizado diante da suspens\u00e3o de atividades e restri\u00e7\u00f5es de hor\u00e1rios de funcionamento, considerando a n\u00e3o apresenta\u00e7\u00e3o de quaisquer pol\u00edticas p\u00fablicas que amparem os empres\u00e1rios dos setores, inclusive com rela\u00e7\u00e3o\u00a0a benef\u00edcios emergenciais de prote\u00e7\u00e3o ao emprego, como foi o caso da lei<br \/>\n14.020\/2020 e as medidas provis\u00f3rias n\u00ba 928 e 936, os empres\u00e1rios se sentem jogados\u00a0\u00e0 pr\u00f3pria sorte.<\/p>\n<p style=\"text-align: justify;\">Desta forma, o Sindloja registra que os empres\u00e1rios est\u00e3o no limite de um colapso financeiro, e infelizmente centenas de empresas poder\u00e3o fechar as portas, pois tal<br \/>\ndecreto inviabiliza a continuidade de atividades, ensejando possibilidade de demiss\u00f5es\u00a0em massa.<\/p>\n<p style=\"text-align: justify;\">Neste sentido, \u00e9 do interesse da classe que medidas alternativas ao fechamento das atividades empresariais sejam aplicadas para o enfrentamento da pandemia. O Sindloja enviou no ano passado, atrav\u00e9s do secret\u00e1rio Alberes Lopes, protocolo com sugest\u00f5es de medidas para combate \u00e0 dissemina\u00e7\u00e3o do coronav\u00edrus, que aproveitamos\u00a0o momento para refor\u00e7ar:<\/p>\n<ul style=\"text-align: justify;\">\n<li>Escala de hor\u00e1rios para o in\u00edcio das atividades econ\u00f4micas: ind\u00fastria 6h \/ constru\u00e7\u00e3o<br \/>\ncivil 7h \/ servi\u00e7os 8h \/ com\u00e9rcio 9h, tendo no final do turno tamb\u00e9m uma hora de<br \/>\ndiferen\u00e7a, dessa forma reduzindo a press\u00e3o no sistema de transporte p\u00fablico<br \/>\nreduzindo dessa as aglomera\u00e7\u00f5es costumeiras.<\/li>\n<li>Outra medida seria obrigar os \u00f4nibus a trafegarem com sua lota\u00e7\u00e3o m\u00e1xima, sendo<br \/>\ntodos os passageiros sentados com m\u00e1scaras e com as janelas abertas, n\u00e3o<br \/>\npermitindo pessoa em p\u00e9.<\/li>\n<li>Os transportes de aplicativos e t\u00e1xi s\u00f3 permitirem no m\u00e1ximo dois passageiros no<br \/>\nbanco de tr\u00e1s.<\/li>\n<li>Aumentar fiscaliza\u00e7\u00e3o em locais de poss\u00edveis aglomera\u00e7\u00f5es, como bares, festas,<br \/>\nch\u00e1caras entre outros.<\/li>\n<li>Fazer campanha de conscientiza\u00e7\u00e3o da popula\u00e7\u00e3o, inclusive pedindo apoio na<br \/>\nfiscaliza\u00e7\u00e3o das normas de preven\u00e7\u00e3o.<\/li>\n<li>Refor\u00e7ar as medidas j\u00e1 em uso, como a medi\u00e7\u00e3o de temperatura, disponibilidade<br \/>\nde \u00e1lcool em gel para funcion\u00e1rios e clientes, garantir o distanciamento no<br \/>\natendimento e zelar pela higieniza\u00e7\u00e3o dos ambientes internos das empresas.<\/li>\n<\/ul>\n<p style=\"text-align: justify;\">Defendemos que o distanciamento social n\u00e3o seja sin\u00f4nimo de proibi\u00e7\u00e3o do trabalho<br \/>\ne fechamento de atividades, tendo em vista que 90% do com\u00e9rcio e servi\u00e7os do<br \/>\nmunic\u00edpio n\u00e3o possuem aglomera\u00e7\u00f5es, devido as dificuldades geradas pela crise.<br \/>\nDentro das lojas temos ambiente controlado, s\u00e3o raras as que possuem v\u00e1rios<br \/>\ncompradores simult\u00e2neos e as que possuem conseguem manter n\u00famero suficiente<br \/>\npara garantir o distanciamento necess\u00e1rio, a contamina\u00e7\u00e3o do covid-19 n\u00e3o est\u00e1<br \/>\nacontecendo no ambiente das empresas.<\/p>\n<p style=\"text-align: justify;\">Por fim, reiteramos ao governador do Estado de Pernambuco que as medidas<br \/>\nrestritivas e de fechamento do com\u00e9rcio sejam apresentadas e debatidas<br \/>\npreviamente com as entidades representativas, bem como que n\u00e3o sejam editados<br \/>\noutros decretos neste sentido, pois registramos a necessidade de pol\u00edticas p\u00fablicas<br \/>\nde vacina\u00e7\u00e3o, fiscaliza\u00e7\u00e3o contra aglomera\u00e7\u00f5es e aplica\u00e7\u00e3o das medidas sanit\u00e1rias,<br \/>\nal\u00e9m da possibilidade eventual de escalas de hor\u00e1rio para atividade econ\u00f4mica como<br \/>\num todo.<\/p>\n<p style=\"text-align: justify;\">Registramos que o objetivo maior do Sindloja \u00e9 garantir a sa\u00fade, emprego, renda e<br \/>\nqualidade de vida aos empres\u00e1rios e trabalhadores.<\/p>\n<p style=\"text-align: justify;\">Caruaru, 18 de mar\u00e7o de 2021.<\/p>\n<p style=\"text-align: justify;\">Atenciosamente,<br \/>\nSindicato dos Lojistas do Com\u00e9rcio de Caruaru (Sindloja)<\/p>\n","protected":false},"excerpt":{"rendered":"<p>O Sindicato dos Lojistas do Com\u00e9rcio de Caruaru (Sindloja), que representa as empresas do com\u00e9rcio varejista de bens, servi\u00e7os, turismo&hellip;<\/p>\n","protected":false},"author":1,"featured_media":67957,"comment_status":"open","ping_status":"open","sticky":false,"template":"","format":"standard","meta":{"footnotes":""},"categories":[14120],"tags":[2,19532,1950,19670,21103],"class_list":["post-67956","post","type-post","status-publish","format-standard","has-post-thumbnail","hentry","category-noticias","tag-blog-do-edvaldo-magalhaes","tag-blog-mais-acessado-e-visualizado-de-caruaru-e-regiao","tag-noticias-de-caruaru","tag-novo-coronavirus","tag-sindloja-emite-carta-ao-governador-para-o-funcionamento-do-comercio-de-caruaru"],"_links":{"self":[{"href":"https:\/\/blogdoedvaldomagalhaes.com.br\/index.php\/wp-json\/wp\/v2\/posts\/67956","targetHints":{"allow":["GET"]}}],"collection":[{"href":"https:\/\/blogdoedvaldomagalhaes.com.br\/index.php\/wp-json\/wp\/v2\/posts"}],"about":[{"href":"https:\/\/blogdoedvaldomagalhaes.com.br\/index.php\/wp-json\/wp\/v2\/types\/post"}],"author":[{"embeddable":true,"href":"https:\/\/blogdoedvaldomagalhaes.com.br\/index.php\/wp-json\/wp\/v2\/users\/1"}],"replies":[{"embeddable":true,"href":"https:\/\/blogdoedvaldomagalhaes.com.br\/index.php\/wp-json\/wp\/v2\/comments?post=67956"}],"version-history":[{"count":1,"href":"https:\/\/blogdoedvaldomagalhaes.com.br\/index.php\/wp-json\/wp\/v2\/posts\/67956\/revisions"}],"predecessor-version":[{"id":67958,"href":"https:\/\/blogdoedvaldomagalhaes.com.br\/index.php\/wp-json\/wp\/v2\/posts\/67956\/revisions\/67958"}],"wp:featuredmedia":[{"embeddable":true,"href":"https:\/\/blogdoedvaldomagalhaes.com.br\/index.php\/wp-json\/wp\/v2\/media\/67957"}],"wp:attachment":[{"href":"https:\/\/blogdoedvaldomagalhaes.com.br\/index.php\/wp-json\/wp\/v2\/media?parent=67956"}],"wp:term":[{"taxonomy":"category","embeddable":true,"href":"https:\/\/blogdoedvaldomagalhaes.com.br\/index.php\/wp-json\/wp\/v2\/categories?post=67956"},{"taxonomy":"post_tag","embeddable":true,"href":"https:\/\/blogdoedvaldomagalhaes.com.br\/index.php\/wp-json\/wp\/v2\/tags?post=67956"}],"curies":[{"name":"wp","href":"https:\/\/api.w.org\/{rel}","templated":true}]}}