{"id":67950,"date":"2021-03-18T09:33:49","date_gmt":"2021-03-18T12:33:49","guid":{"rendered":"https:\/\/blogdoedvaldomagalhaes.com.br\/?p=67950"},"modified":"2021-03-18T09:33:51","modified_gmt":"2021-03-18T12:33:51","slug":"fagner-cobra-fiscalizacao-mais-efetiva-da-prefeitura-de-caruaru-em-locais-com-aglomeracao","status":"publish","type":"post","link":"https:\/\/blogdoedvaldomagalhaes.com.br\/index.php\/2021\/03\/18\/fagner-cobra-fiscalizacao-mais-efetiva-da-prefeitura-de-caruaru-em-locais-com-aglomeracao\/","title":{"rendered":"Fagner cobra fiscaliza\u00e7\u00e3o mais efetiva da prefeitura de Caruaru em locais com aglomera\u00e7\u00e3o"},"content":{"rendered":"<p style=\"text-align: justify;\"><span style=\"font-size: inherit;\">O Vereador Fagner Fernandes (PDT) usou a tribuna da C\u00e2mara Municipal, para cobrar uma atua\u00e7\u00e3o mais efetiva da prefeitura de Caruaru em algumas \u00e1reas da cidade. O parlamentar falou sobre o combate a Covid-19, e fez um apelo ao munic\u00edpio para que as fiscaliza\u00e7\u00f5es sejam intensificadas em locais com registro de aglomera\u00e7\u00e3o, a exemplo das feiras livres e do Centro de Testagem no bairro S\u00e3o Francisco. \u201cObservamos que n\u00e3o h\u00e1 fiscais da prefeitura nesses espa\u00e7os. Falta planejamento para a\u00e7\u00f5es de combate ao v\u00edrus em Caruaru\u201d, pontuou.<\/span><\/p>\n<p style=\"text-align: justify;\">Fagner ainda citou a falta de monitoramento na Central de Abastecimento de Caruaru (CEACA), pela quantidade de pessoas que circulam no local e a aus\u00eancia do uso constante da m\u00e1scara e aferi\u00e7\u00e3o de temperatura. &#8220;Muita gente passa pela CEACA, e n\u00e3o vemos um controle e aten\u00e7\u00e3o para o cumprimento dos protocolos sanit\u00e1rios&#8221;.<\/p>\n<p style=\"text-align: justify;\">Outro assunto importante destacado pelo parlamentar, foi sobre a falta de posicionamento do Poder Executivo sobre a recarga do cart\u00e3o alimenta\u00e7\u00e3o, para as crian\u00e7as matriculadas na rede de ensino, realizada pela \u00faltima vez em fevereiro deste ano. \u201cO pagamento est\u00e1 atrasado mais uma vez. Falta planejamento e sensibilidade da prefeitura. Espero que a prefeita Raquel Lyra reveja as a\u00e7\u00f5es, e acorde para o que estamos vivendo\u201d, ressaltou Fagner.<\/p>\n\n\n<figure class=\"wp-block-image size-large\"><img loading=\"lazy\" decoding=\"async\" width=\"484\" height=\"1024\" src=\"https:\/\/blogdoedvaldomagalhaes.com.br\/wp-content\/uploads\/2021\/03\/IMG-20210318-WA0020-484x1024.jpg\" alt=\"\" class=\"wp-image-67952\" srcset=\"https:\/\/blogdoedvaldomagalhaes.com.br\/wp-content\/uploads\/2021\/03\/IMG-20210318-WA0020-484x1024.jpg 484w, https:\/\/blogdoedvaldomagalhaes.com.br\/wp-content\/uploads\/2021\/03\/IMG-20210318-WA0020-142x300.jpg 142w, https:\/\/blogdoedvaldomagalhaes.com.br\/wp-content\/uploads\/2021\/03\/IMG-20210318-WA0020.jpg 605w\" sizes=\"auto, (max-width: 484px) 100vw, 484px\" \/><figcaption>Fotos enviadas por denunciantes<\/figcaption><\/figure>\n","protected":false},"excerpt":{"rendered":"<p>O Vereador Fagner Fernandes (PDT) usou a tribuna da C\u00e2mara Municipal, para cobrar uma atua\u00e7\u00e3o mais efetiva da prefeitura de&hellip;<\/p>\n","protected":false},"author":1,"featured_media":67951,"comment_status":"open","ping_status":"open","sticky":false,"template":"","format":"standard","meta":{"footnotes":""},"categories":[14122],"tags":[2,19532,21102,1950,19670],"class_list":["post-67950","post","type-post","status-publish","format-standard","has-post-thumbnail","hentry","category-politica","tag-blog-do-edvaldo-magalhaes","tag-blog-mais-acessado-e-visualizado-de-caruaru-e-regiao","tag-fagner-cobra-fiscalizacao-mais-efetiva-da-prefeitura-de-caruaru-em-locais-com-aglomeracao","tag-noticias-de-caruaru","tag-novo-coronavirus"],"_links":{"self":[{"href":"https:\/\/blogdoedvaldomagalhaes.com.br\/index.php\/wp-json\/wp\/v2\/posts\/67950","targetHints":{"allow":["GET"]}}],"collection":[{"href":"https:\/\/blogdoedvaldomagalhaes.com.br\/index.php\/wp-json\/wp\/v2\/posts"}],"about":[{"href":"https:\/\/blogdoedvaldomagalhaes.com.br\/index.php\/wp-json\/wp\/v2\/types\/post"}],"author":[{"embeddable":true,"href":"https:\/\/blogdoedvaldomagalhaes.com.br\/index.php\/wp-json\/wp\/v2\/users\/1"}],"replies":[{"embeddable":true,"href":"https:\/\/blogdoedvaldomagalhaes.com.br\/index.php\/wp-json\/wp\/v2\/comments?post=67950"}],"version-history":[{"count":1,"href":"https:\/\/blogdoedvaldomagalhaes.com.br\/index.php\/wp-json\/wp\/v2\/posts\/67950\/revisions"}],"predecessor-version":[{"id":67953,"href":"https:\/\/blogdoedvaldomagalhaes.com.br\/index.php\/wp-json\/wp\/v2\/posts\/67950\/revisions\/67953"}],"wp:featuredmedia":[{"embeddable":true,"href":"https:\/\/blogdoedvaldomagalhaes.com.br\/index.php\/wp-json\/wp\/v2\/media\/67951"}],"wp:attachment":[{"href":"https:\/\/blogdoedvaldomagalhaes.com.br\/index.php\/wp-json\/wp\/v2\/media?parent=67950"}],"wp:term":[{"taxonomy":"category","embeddable":true,"href":"https:\/\/blogdoedvaldomagalhaes.com.br\/index.php\/wp-json\/wp\/v2\/categories?post=67950"},{"taxonomy":"post_tag","embeddable":true,"href":"https:\/\/blogdoedvaldomagalhaes.com.br\/index.php\/wp-json\/wp\/v2\/tags?post=67950"}],"curies":[{"name":"wp","href":"https:\/\/api.w.org\/{rel}","templated":true}]}}