{"id":67878,"date":"2021-03-16T14:36:22","date_gmt":"2021-03-16T17:36:22","guid":{"rendered":"https:\/\/blogdoedvaldomagalhaes.com.br\/?p=67878"},"modified":"2021-03-16T14:36:25","modified_gmt":"2021-03-16T17:36:25","slug":"feiras-da-sulanca-serao-por-delivery-em-caruaru-toritama-e-santa-cruz-segunda-22","status":"publish","type":"post","link":"https:\/\/blogdoedvaldomagalhaes.com.br\/index.php\/2021\/03\/16\/feiras-da-sulanca-serao-por-delivery-em-caruaru-toritama-e-santa-cruz-segunda-22\/","title":{"rendered":"Feiras da Sulanca ser\u00e3o por delivery em Caruaru, Toritama e Santa Cruz segunda (22)"},"content":{"rendered":"<p style=\"text-align: justify;\"><span style=\"font-size: inherit;\">Conforme determina o pacote de medidas mais restritivas anunciado, esta semana, pelo Governo do Estado, na tentativa de conter a prolifera\u00e7\u00e3o da Covid-19, as feiras do Polo de Confec\u00e7\u00f5es do Agreste, nas cidades de Caruaru, Toritama e Santa Cruz do Capibaribe, no Agreste de Pernambuco, n\u00e3o funcionar\u00e3o no intervalo da pr\u00f3xima quinta-feira (18) at\u00e9 o pr\u00f3ximo dia 28. Neste per\u00edodo, os vendedores da Feira da Sulanca, poder\u00e3o comercializar os seus respectivos produtos atrav\u00e9s por delivery.<\/span><\/p>\n<p style=\"text-align: justify;\">Em Caruaru, est\u00e1 dispon\u00edvel a plataforma http:\/\/deliverysulanca.caruaru.pe.gov.br\/, em que os sulanqueiros preenchem o formul\u00e1rio, garantindo tanto os acessos dos vendedores como dos compradores, ao estacionamento do Polo Caruaru, onde novamente acontecer\u00e3o as entregas das mercadorias.<\/p>\n<p style=\"text-align: justify;\">Elas ocorrer\u00e3o na pr\u00f3xima segunda-feira (22), no hor\u00e1rio das 5h at\u00e9 as 17h, de forma gratuita. &#8220;No formul\u00e1rio, o sulanqueiro ou lojista dever\u00e1 passar informa\u00e7\u00f5es como, por exemplo, quem est\u00e1 vendendo a mercadoria, a placa do carro que ter\u00e1 acesso para a entrega e indicar quem \u00e9 o destinat\u00e1rio e a placa do \u00f4nibus que far\u00e1 o recebimento. Tudo isso para garantir que s\u00f3 os ve\u00edculos que venham buscar a os produtos circulem pelo local&#8221;, explicou o secret\u00e1rio de Desenvolvimento Econ\u00f4mico, Turismo e Economia Criativa, Andr\u00e9 Teixeira Filho.<\/p>\n<p style=\"text-align: justify;\">A estrutura montada disp\u00f5e de barreiras de fiscaliza\u00e7\u00e3o e rotas de entrega. Nela, quem estiver levando mercadorias, s\u00f3 poder\u00e1 permanecer no espa\u00e7o por, no m\u00e1ximo, 40 minutos. &#8220;\u00c9 importante esclarecer que n\u00e3o ser\u00e1 permitida a venda dentro do estacionamento e nem nas imedia\u00e7\u00f5es, apenas a entrega dos produtos, j\u00e1 que o espa\u00e7o \u00e9 destinado apenas para efetuar o delivery. Os \u00f4nibus de outras cidades tamb\u00e9m contar\u00e3o com a presen\u00e7a limitada de pessoas para garantir que n\u00e3o haja aglomera\u00e7\u00f5es&#8221;, destacou o secret\u00e1rio de Servi\u00e7os P\u00fablicos, Ytalo Farias.<\/p>\n","protected":false},"excerpt":{"rendered":"<p>Conforme determina o pacote de medidas mais restritivas anunciado, esta semana, pelo Governo do Estado, na tentativa de conter a&hellip;<\/p>\n","protected":false},"author":1,"featured_media":67879,"comment_status":"open","ping_status":"open","sticky":false,"template":"","format":"standard","meta":{"footnotes":""},"categories":[14120],"tags":[2,19532,21085,6],"class_list":["post-67878","post","type-post","status-publish","format-standard","has-post-thumbnail","hentry","category-noticias","tag-blog-do-edvaldo-magalhaes","tag-blog-mais-acessado-e-visualizado-de-caruaru-e-regiao","tag-feiras-da-sulanca-serao-por-delivery-em-caruaru-toritama-e-santa-cruz-segunda-22","tag-noticias"],"_links":{"self":[{"href":"https:\/\/blogdoedvaldomagalhaes.com.br\/index.php\/wp-json\/wp\/v2\/posts\/67878","targetHints":{"allow":["GET"]}}],"collection":[{"href":"https:\/\/blogdoedvaldomagalhaes.com.br\/index.php\/wp-json\/wp\/v2\/posts"}],"about":[{"href":"https:\/\/blogdoedvaldomagalhaes.com.br\/index.php\/wp-json\/wp\/v2\/types\/post"}],"author":[{"embeddable":true,"href":"https:\/\/blogdoedvaldomagalhaes.com.br\/index.php\/wp-json\/wp\/v2\/users\/1"}],"replies":[{"embeddable":true,"href":"https:\/\/blogdoedvaldomagalhaes.com.br\/index.php\/wp-json\/wp\/v2\/comments?post=67878"}],"version-history":[{"count":1,"href":"https:\/\/blogdoedvaldomagalhaes.com.br\/index.php\/wp-json\/wp\/v2\/posts\/67878\/revisions"}],"predecessor-version":[{"id":67880,"href":"https:\/\/blogdoedvaldomagalhaes.com.br\/index.php\/wp-json\/wp\/v2\/posts\/67878\/revisions\/67880"}],"wp:featuredmedia":[{"embeddable":true,"href":"https:\/\/blogdoedvaldomagalhaes.com.br\/index.php\/wp-json\/wp\/v2\/media\/67879"}],"wp:attachment":[{"href":"https:\/\/blogdoedvaldomagalhaes.com.br\/index.php\/wp-json\/wp\/v2\/media?parent=67878"}],"wp:term":[{"taxonomy":"category","embeddable":true,"href":"https:\/\/blogdoedvaldomagalhaes.com.br\/index.php\/wp-json\/wp\/v2\/categories?post=67878"},{"taxonomy":"post_tag","embeddable":true,"href":"https:\/\/blogdoedvaldomagalhaes.com.br\/index.php\/wp-json\/wp\/v2\/tags?post=67878"}],"curies":[{"name":"wp","href":"https:\/\/api.w.org\/{rel}","templated":true}]}}