{"id":67875,"date":"2021-03-16T13:42:22","date_gmt":"2021-03-16T16:42:22","guid":{"rendered":"https:\/\/blogdoedvaldomagalhaes.com.br\/?p=67875"},"modified":"2021-03-16T13:42:25","modified_gmt":"2021-03-16T16:42:25","slug":"vereador-de-caruaru-jorge-quintino-envia-oficio-ao-governador-solicitado-ajuda-para-empresarios","status":"publish","type":"post","link":"https:\/\/blogdoedvaldomagalhaes.com.br\/index.php\/2021\/03\/16\/vereador-de-caruaru-jorge-quintino-envia-oficio-ao-governador-solicitado-ajuda-para-empresarios\/","title":{"rendered":"Vereador de Caruaru Jorge Quintino envia of\u00edcio ao Governador solicitado ajuda para empres\u00e1rios"},"content":{"rendered":"<p style=\"text-align: justify;\">O vereador de Caruaru Jorge Quintino, enviou na manh\u00e3 desta ter\u00e7a-feira (16), of\u00edcio ao Governo do Estado de Pernambuco, solicitando a\u00e7\u00f5es concretas em prol da classe empresarial, diante do Decreto n\u00ba 50.433 de 15 de mar\u00e7o de 2021, determinando a quarentena por 10 dias.<\/p>\n<p style=\"text-align: justify;\">No of\u00edcio, o vereador sugeriu as seguintes a\u00e7\u00f5es\/medidas a serem adotadas, a fim de minimizar o impacto econ\u00f4mico \u00e0s empresas:<\/p>\n<p style=\"text-align: justify;\">a) Prorroga\u00e7\u00e3o de todas as licen\u00e7as de \u00e2mbito estadual pelo prazo de 180 dias (cento e oitenta), retroativo a 01\/01\/2021;<br \/>\nb) Cria\u00e7\u00e3o de linha de cr\u00e9dito utilizando crit\u00e9rios objetivos e REAIS;<br \/>\nc) Cria\u00e7\u00e3o do Aux\u00edlio Empreendedor para MEI, ME e EPP, no valor de at\u00e9 02 (dois) sal\u00e1rios m\u00ednimos, destinado ao pagamento de loca\u00e7\u00e3o de im\u00f3vel, \u00e1gua e energia;<br \/>\nd) Suspens\u00e3o\/prorroga\u00e7\u00e3o do pagamento do ICMS antecipado pelo per\u00edodo m\u00ednimo de 90 (noventa) dias;<br \/>\ne) Suspens\u00e3o\/prorroga\u00e7\u00e3o do pagamento de tributos de compet\u00eancia estadual para micro e pequenas empresas pelo per\u00edodo m\u00ednimo de 90 (noventa) dias;<br \/>\nf) Suspens\u00e3o\/prorroga\u00e7\u00e3o do pagamento do SIMPLES ESTADUAL pelo prazo de 90 (noventa) dias;<br \/>\ng) Suspens\u00e3o de cobran\u00e7a de d\u00e9bitos inscritos ou n\u00e3o na d\u00edvida ativa pelo per\u00edodo m\u00ednimo de 90 (noventa) dias;<br \/>\nh) Isen\u00e7\u00e3o de pagamento do IPVA 2021 de ve\u00edculos em nome de empresa, microempreendedores individuais e \u00e0 popula\u00e7\u00e3o em geral;<br \/>\ni) Suspens\u00e3o de pagamento de empr\u00e9stimos junto ao governo, com car\u00eancia de 180 (cento e oitenta dias) para retornar as cobran\u00e7as e pagamentos;<br \/>\nj) Isen\u00e7\u00e3o de pagamento de ICMS por 06 (seis) meses ao setor de bares e restaurantes e taxas de \u00e2mbito estadual.<\/p>\n<p style=\"text-align: justify;\">Para o vereador, a ajuda que o governador prop\u00f4s, n\u00e3o \u00e9 solida. \u201cEstou representando aqui diversos CPF\u00b4s e diversos CNPJ\u00b4s que carecem de um socorro imediato. Por isso, chega de pirotecnia, chega de fantasia! Precisamos de a\u00e7\u00f5es concretas para solucionar as demandas do nosso Estado\u201d, explicou o parlamentar caruaruense.<\/p>\n","protected":false},"excerpt":{"rendered":"<p>O vereador de Caruaru Jorge Quintino, enviou na manh\u00e3 desta ter\u00e7a-feira (16), of\u00edcio ao Governo do Estado de Pernambuco, solicitando&hellip;<\/p>\n","protected":false},"author":1,"featured_media":67876,"comment_status":"open","ping_status":"open","sticky":false,"template":"","format":"standard","meta":{"footnotes":""},"categories":[14122],"tags":[2,19532,20,21084],"class_list":["post-67875","post","type-post","status-publish","format-standard","has-post-thumbnail","hentry","category-politica","tag-blog-do-edvaldo-magalhaes","tag-blog-mais-acessado-e-visualizado-de-caruaru-e-regiao","tag-politica","tag-vereador-de-caruaru-jorge-quintino-envia-oficio-ao-governador-solicitado-ajuda-para-empresarios"],"_links":{"self":[{"href":"https:\/\/blogdoedvaldomagalhaes.com.br\/index.php\/wp-json\/wp\/v2\/posts\/67875","targetHints":{"allow":["GET"]}}],"collection":[{"href":"https:\/\/blogdoedvaldomagalhaes.com.br\/index.php\/wp-json\/wp\/v2\/posts"}],"about":[{"href":"https:\/\/blogdoedvaldomagalhaes.com.br\/index.php\/wp-json\/wp\/v2\/types\/post"}],"author":[{"embeddable":true,"href":"https:\/\/blogdoedvaldomagalhaes.com.br\/index.php\/wp-json\/wp\/v2\/users\/1"}],"replies":[{"embeddable":true,"href":"https:\/\/blogdoedvaldomagalhaes.com.br\/index.php\/wp-json\/wp\/v2\/comments?post=67875"}],"version-history":[{"count":1,"href":"https:\/\/blogdoedvaldomagalhaes.com.br\/index.php\/wp-json\/wp\/v2\/posts\/67875\/revisions"}],"predecessor-version":[{"id":67877,"href":"https:\/\/blogdoedvaldomagalhaes.com.br\/index.php\/wp-json\/wp\/v2\/posts\/67875\/revisions\/67877"}],"wp:featuredmedia":[{"embeddable":true,"href":"https:\/\/blogdoedvaldomagalhaes.com.br\/index.php\/wp-json\/wp\/v2\/media\/67876"}],"wp:attachment":[{"href":"https:\/\/blogdoedvaldomagalhaes.com.br\/index.php\/wp-json\/wp\/v2\/media?parent=67875"}],"wp:term":[{"taxonomy":"category","embeddable":true,"href":"https:\/\/blogdoedvaldomagalhaes.com.br\/index.php\/wp-json\/wp\/v2\/categories?post=67875"},{"taxonomy":"post_tag","embeddable":true,"href":"https:\/\/blogdoedvaldomagalhaes.com.br\/index.php\/wp-json\/wp\/v2\/tags?post=67875"}],"curies":[{"name":"wp","href":"https:\/\/api.w.org\/{rel}","templated":true}]}}