{"id":67869,"date":"2021-03-16T12:46:47","date_gmt":"2021-03-16T15:46:47","guid":{"rendered":"https:\/\/blogdoedvaldomagalhaes.com.br\/?p=67869"},"modified":"2021-03-16T19:14:46","modified_gmt":"2021-03-16T22:14:46","slug":"secretaria-de-saude-pe-registra-60-mortes-e-2-482-novos-casos-de-covid-19","status":"publish","type":"post","link":"https:\/\/blogdoedvaldomagalhaes.com.br\/index.php\/2021\/03\/16\/secretaria-de-saude-pe-registra-60-mortes-e-2-482-novos-casos-de-covid-19\/","title":{"rendered":"Secretaria de Sa\u00fade-PE registra 60 mortes e 2.482 novos casos de covid-19"},"content":{"rendered":"<p><span lang=\"PT\"><span style=\"font-family: arial, sans-serif;\">A Secretaria Estadual de Sa\u00fade (SES-PE) registrou, nesta ter\u00e7a-feira (16\/03),\u00a02.482 casos da Covid-19. Entre os confirmados hoje,\u00a0177 (7%) s\u00e3o casos de S\u00edndrome Respirat\u00f3ria Aguda Grave (SRAG)\u00a0e 2.305 (93%) s\u00e3o leves.\u00a0Agora, Pernambuco totaliza 320.931 casos confirmados da doen\u00e7a,\u00a0sendo 33.804 graves e 287.127 leves, que est\u00e3o distribu\u00eddos por todos os 184 munic\u00edpios pernambucanos, al\u00e9m do arquip\u00e9lago de Fernando de Noronha.<\/span><\/span><\/p>\n<p><span lang=\"PT\"><span style=\"font-family: arial, sans-serif;\">Al\u00e9m disso, o boletim registra um total de 275.733 pacientes recuperados da doen\u00e7a. Destes,\u00a020.215 eram pacientes graves, que necessitaram de internamento hospitalar, e 255.518 eram casos leves.<\/span><\/span><\/p>\n<p><span lang=\"PT\"><span style=\"font-family: arial, sans-serif;\">Tamb\u00e9m foram confirmados laboratorialmente 60 novos \u00f3bitos (29 masculinos e 31 femininos),\u00a0ocorridos entre os dias\u00a027\/12\/2020 e 15\/03\/2021.\u00a0As novas mortes s\u00e3o\u00a0 de pessoas residentes\u00a0dos munic\u00edpios de Afogados da Ingazeira (1), Altinho (1), Araripina (1),\u00a0Bodoc\u00f3 (1), Camaragibe (2), Carpina (1),\u00a0Caruaru (2), Catende (1), Cust\u00f3dia (1), Iati (1), Iguaracy (2), Jaboat\u00e3o\u00a0dos\u00a0Guararapes\u00a0(2), Limoeiro (1), Nazar\u00e9 da Mata (2), Olinda (6), Parnamirim (1), Paudalho (1), Petrol\u00e2ndia (1), Petrolina (6), Recife (22),\u00a0Ribeir\u00e3o (1),\u00a0Santa Cruz do Capibaribe (1),\u00a0S\u00e3o Jos\u00e9 do Egito (1) e\u00a0Trindade (1).\u00a0Com\u00a0isso,\u00a0o\u00a0Estado\u00a0totaliza 11.471\u00a0mortes\u00a0pela\u00a0doen\u00e7a.<\/span><\/span><\/p>\n<p><span style=\"font-family: arial, sans-serif;\"><span lang=\"PT\">Os\u00a0pacientes\u00a0tinham\u00a0idades\u00a0entre\u00a027\u00a0e\u00a098\u00a0anos.\u00a0As faixas\u00a0et\u00e1rias\u00a0s\u00e3o:\u00a020 a 29 (1),\u00a030\u00a0a 39\u00a0(3),\u00a040\u00a0a 49\u00a0(2),\u00a050\u00a0a 59\u00a0(11),\u00a060\u00a0a\u00a069\u00a0(16),\u00a070\u00a0a\u00a079\u00a0(15)\u00a0e\u00a080\u00a0ou\u00a0mais\u00a0(12).\u00a0Do\u00a0total,\u00a0\u00a041\u00a0 tinham\u00a0\u00a0doen\u00e7as\u00a0pr\u00e9-existentes:\u00a0doen\u00e7a\u00a0cardiovascular\u00a0(27),\u00a0diabetes\u00a0(20),\u00a0hipertens\u00e3o\u00a0(7),\u00a0doen\u00e7a\u00a0respirat\u00f3ria\u00a0(4),\u00a0doen\u00e7a\u00a0renal\u00a0(2),\u00a0c\u00e2ncer (2),\u00a0obesidade (2),\u00a0doen\u00e7a de Alzheimer (2), doen\u00e7a neurol\u00f3gica (2),\u00a0doen\u00e7a de Parkinson (1),\u00a0tabagismo\/hist\u00f3rico\u00a0de<\/span><span lang=\"PT\">\u00a0tabagismo (1), etilismo\/hist\u00f3rico de etilismo (1) e doen\u00e7a hematol\u00f3gica (1) &#8211; um paciente pode ter mais de uma comorbidades.\u00a0Os\u00a0demais\u00a0seguem\u00a0em investiga\u00e7\u00e3o.<\/span><\/span><\/p>\n<p><span lang=\"PT\"><span style=\"font-family: arial, sans-serif;\">Com rela\u00e7\u00e3o \u00e0 testagem dos profissionais de sa\u00fade com sintomas de gripe, em Pernambuco, at\u00e9\u00a0agora,\u00a027.160\u00a0casos\u00a0foram\u00a0confirmados\u00a0e\u00a046.432\u00a0descartados.\u00a0As\u00a0testagens\u00a0entre\u00a0os\u00a0trabalhadores do setor abrangem os profissionais de todas as unidades de sa\u00fade, sejam da rede\u00a0p\u00fablica (estadual e municipal) ou privada. O Governo de Pernambuco foi o primeiro do pa\u00eds a\u00a0criar\u00a0um\u00a0protocolo\u00a0para\u00a0testar\u00a0e\u00a0afastar\u00a0os\u00a0profissionais\u00a0da\u00a0\u00e1rea\u00a0da\u00a0sa\u00fade\u00a0com\u00a0sintomas\u00a0gripais.<\/span><\/span><\/p>\n<p><span style=\"font-family: arial, sans-serif;\"><b><span lang=\"PT\">VACINA &#8211;<\/span><\/b><span lang=\"PT\">\u00a0Pernambuco tem a previs\u00e3o de receber \u00e0s 20h45 desta ter\u00e7a-feira (16\/03), no Aeroporto Internacional do Recife\/Guararapes \u2013 Gilberto Freyre, mais 198.600 vacinas contra a Covid-19 da Sinovac\/Butantan. Com as vacinas, para as duas doses, ser\u00e1 poss\u00edvel avan\u00e7ar na imuniza\u00e7\u00e3o dos idosos entre 75 e 79 anos, al\u00e9m dos trabalhadores de sa\u00fade. Com mais esse quantitativo, o n\u00famero de doses recebidas pelo Estado totaliza 1.052.960 unidades.<\/span><\/span><\/p>\n<p><span lang=\"PT\"><span style=\"font-family: arial, sans-serif;\">Com essa nova remessa, sobe para 59% o quantitativo de idosos entre 75 e 79 anos que poder\u00e3o ser protegidos. Em rela\u00e7\u00e3o aos profissionais de sa\u00fade, chega-se a marca de 86% desse grupo priorit\u00e1rio. As vacinas ser\u00e3o recebidas no Programa Estadual de Imuniza\u00e7\u00e3o, que far\u00e1 a verifica\u00e7\u00e3o e divis\u00e3o igualit\u00e1ria entre os munic\u00edpios pernambucanos, levando em considera\u00e7\u00e3o a base de c\u00e1lculo populacional dos grupos priorit\u00e1rios do pr\u00f3prio Minist\u00e9rio da Sa\u00fade.<\/span><\/span><\/p>\n<p><span style=\"font-family: arial, sans-serif;\"><b><span lang=\"PT\">LEITOS &#8211;<\/span><\/b><span lang=\"PT\">\u00a0O Instituto de Medicina Integral Professor Fernando Figueira (Imip), no Recife, j\u00e1 colocou em funcionamento, nesta ter\u00e7a-feira (16\/03), cinco leitos de UTI pedi\u00e1tricos. Outros cinco ainda ser\u00e3o ofertados at\u00e9 o final do dia. Os pacientes ser\u00e3o encaminhados ao servi\u00e7o a partir da Central de Regula\u00e7\u00e3o de Leitos do Estado. Com isso, a unidade somar\u00e1 30 vagas de terapia intensiva, sendo 20 neonatais e as 10 pedi\u00e1tricas.<\/span><\/span><\/p>\n<p><span lang=\"PT\"><span style=\"font-family: arial, sans-serif;\">Tamb\u00e9m foram abertos quatro leitos de UTI adulto no Hospital do Tricenten\u00e1rio, em Olinda. At\u00e9 o final do dia, ainda s\u00e3o esperadas as 12 vagas do Hospital Eduardo Campos da Pessoa Idosa, no Recife, que seriam colocadas em funcionamento na \u00faltima segunda (15\/03).<\/span><\/span><\/p>\n<p><span lang=\"PT\"><span style=\"font-family: arial, sans-serif;\">\u00a0\u201cNossos esfor\u00e7os s\u00e3o permanentes e di\u00e1rios para que possamos fortalecer ainda mais a rede de assist\u00eancia aos pacientes suspeitos e confirmados para a Covid-19. Estamos monitorando a as vagas tanto para os adultos quanto para as crian\u00e7as, al\u00e9m de avaliar as necessidades de cada regi\u00e3o. Repito que estamos ampliando os leitos na rede pr\u00f3pria, conveniando na privada e filantr\u00f3pica, mas apenas isso n\u00e3o ser\u00e1 suficiente. Precisamos contar com o apoio e compreens\u00e3o de todos os pernambucanos para que sigam usando a m\u00e1scara corretamente, adotando as medidas de higiene e mantendo o distanciamento e isolamento social. Temos que ser agentes de prote\u00e7\u00e3o para evitar mais sobrecarga no servi\u00e7o de sa\u00fade e mais dores pela perda de entes queridos\u201d, afirma o secret\u00e1rio estadual de Sa\u00fade, Andr\u00e9 Longo.<\/span><\/span><\/p>\n<p><span style=\"font-family: arial, sans-serif;\"><b><span lang=\"PT\">BALAN\u00c7O DA VACINA\u00c7\u00c3O &#8211;<\/span><\/b><span lang=\"PT\">\u00a0Pernambuco j\u00e1 aplicou 642.824 doses da vacina contra a Covid-19, das quais 471.077 foram primeiras doses. Ao todo, foram feitas a primeira dose em 183.890 trabalhadores de sa\u00fade; 24.273 povos ind\u00edgenas aldeados; 6.097 idosos em Institui\u00e7\u00f5es de Longa Perman\u00eancia; 27.762 idosos de 70 a 74 anos; 60.714 idosos de 75 a 79 anos; 83.940 idosos de 80 a 84 anos; 83.534 idosos a partir de 85 anos; al\u00e9m de 867 pessoas com defici\u00eancia institucionalizadas.<\/span><\/span><\/p>\n<p><span lang=\"PT\"><span style=\"font-family: arial, sans-serif;\">Em rela\u00e7\u00e3o \u00e0 segunda dose, j\u00e1 foram beneficiados 128.701 trabalhadores de sa\u00fade; 23.161 povos ind\u00edgenas aldeados; 4.300 idosos institucionalizados; 14.436 idosos de 80 a 84 anos; 529 idosos a partir de 85 anos e 620 pessoas com defici\u00eancia institucionalizadas; totalizando 171.747 pessoas que j\u00e1 finalizaram o esquema.<\/span><\/span><\/p>\n<p><span style=\"font-family: arial, sans-serif;\"><b><span lang=\"PT\">S\u00cdNDROME PEDI\u00c1TRICA &#8211;<\/span><\/b><span lang=\"PT\">\u00a0A Secretaria Estadual de Sa\u00fade informa que n\u00e3o foram registrados novos casos da S\u00edndrome Inflamat\u00f3ria Multissist\u00eamica (SIM-P). At\u00e9 o momento, continuam as 28 ocorr\u00eancias j\u00e1 divulgadas: 26 evolu\u00edram para cura e alta hospitalar e 2 vieram a \u00f3bito.\u00a0<\/span><\/span><\/p>\n","protected":false},"excerpt":{"rendered":"<p>A Secretaria Estadual de Sa\u00fade (SES-PE) registrou, nesta ter\u00e7a-feira (16\/03),\u00a02.482 casos da Covid-19. Entre os confirmados hoje,\u00a0177 (7%) s\u00e3o casos&hellip;<\/p>\n","protected":false},"author":1,"featured_media":67870,"comment_status":"open","ping_status":"open","sticky":false,"template":"","format":"standard","meta":{"footnotes":""},"categories":[14120],"tags":[2,19532,6,19670,21083],"class_list":["post-67869","post","type-post","status-publish","format-standard","has-post-thumbnail","hentry","category-noticias","tag-blog-do-edvaldo-magalhaes","tag-blog-mais-acessado-e-visualizado-de-caruaru-e-regiao","tag-noticias","tag-novo-coronavirus","tag-secretaria-de-saude-pe-registra-60-mortes-e-2-482-novos-casos-de-covid-19"],"_links":{"self":[{"href":"https:\/\/blogdoedvaldomagalhaes.com.br\/index.php\/wp-json\/wp\/v2\/posts\/67869","targetHints":{"allow":["GET"]}}],"collection":[{"href":"https:\/\/blogdoedvaldomagalhaes.com.br\/index.php\/wp-json\/wp\/v2\/posts"}],"about":[{"href":"https:\/\/blogdoedvaldomagalhaes.com.br\/index.php\/wp-json\/wp\/v2\/types\/post"}],"author":[{"embeddable":true,"href":"https:\/\/blogdoedvaldomagalhaes.com.br\/index.php\/wp-json\/wp\/v2\/users\/1"}],"replies":[{"embeddable":true,"href":"https:\/\/blogdoedvaldomagalhaes.com.br\/index.php\/wp-json\/wp\/v2\/comments?post=67869"}],"version-history":[{"count":4,"href":"https:\/\/blogdoedvaldomagalhaes.com.br\/index.php\/wp-json\/wp\/v2\/posts\/67869\/revisions"}],"predecessor-version":[{"id":67898,"href":"https:\/\/blogdoedvaldomagalhaes.com.br\/index.php\/wp-json\/wp\/v2\/posts\/67869\/revisions\/67898"}],"wp:featuredmedia":[{"embeddable":true,"href":"https:\/\/blogdoedvaldomagalhaes.com.br\/index.php\/wp-json\/wp\/v2\/media\/67870"}],"wp:attachment":[{"href":"https:\/\/blogdoedvaldomagalhaes.com.br\/index.php\/wp-json\/wp\/v2\/media?parent=67869"}],"wp:term":[{"taxonomy":"category","embeddable":true,"href":"https:\/\/blogdoedvaldomagalhaes.com.br\/index.php\/wp-json\/wp\/v2\/categories?post=67869"},{"taxonomy":"post_tag","embeddable":true,"href":"https:\/\/blogdoedvaldomagalhaes.com.br\/index.php\/wp-json\/wp\/v2\/tags?post=67869"}],"curies":[{"name":"wp","href":"https:\/\/api.w.org\/{rel}","templated":true}]}}