{"id":6778,"date":"2017-02-13T11:16:00","date_gmt":"2017-02-13T13:16:00","guid":{"rendered":"http:\/\/blogdoedvaldomagalhaes.com.br\/index.php\/2017\/02\/13\/destra-e-algumas-secretarias-municipais\/"},"modified":"2019-02-09T01:16:53","modified_gmt":"2019-02-09T03:16:53","slug":"destra-e-algumas-secretarias-municipais","status":"publish","type":"post","link":"https:\/\/blogdoedvaldomagalhaes.com.br\/index.php\/2017\/02\/13\/destra-e-algumas-secretarias-municipais\/","title":{"rendered":"Destra e algumas secretarias municipais far\u00e3o mudan\u00e7as de pr\u00e9dios neste m\u00eas"},"content":{"rendered":"<div class=\"separator\" style=\"clear: both; text-align: center;\">\n<a href=\"https:\/\/4.bp.blogspot.com\/-l3bU1D3BYEY\/WKGVfcyPCRI\/AAAAAAAAPdA\/49L43xaPyFYQhM4jL2KSPM8WXwKHklEIgCLcB\/s1600\/destra.JPG\" imageanchor=\"1\" style=\"margin-left: 1em; margin-right: 1em;\"><img loading=\"lazy\" decoding=\"async\" border=\"0\" height=\"305\" src=\"http:\/\/blogdoedvaldomagalhaes.com.br\/wp-content\/uploads\/2017\/02\/destra.jpg\" width=\"400\" \/><\/a><\/div>\n<div style=\"text-align: justify;\">\n<\/div>\n<div style=\"text-align: justify;\">\nO pr\u00e9dio onde funciona a Destra \u00e9 locado pela Prefeitura de Caruaru por R$ 10 mil &nbsp;mensais, e ainda neste m\u00eas a Destra vai se mudar para o pr\u00e9dio onde hoje funcionam a Procuradoria Municipal e a Secretaria de Desenvolvimento Econ\u00f4mico, no bairro Universit\u00e1rio.&nbsp;<\/div>\n<div style=\"text-align: justify;\">\n<\/div>\n<div style=\"text-align: justify;\">\nA Secretaria de Desenvolvimento Econ\u00f4mico ir\u00e1 para o bloco B, onde funcionavam a Secretaria de Obras e a URB, que foram deslocadas para um pr\u00e9dio no bairro Maur\u00edcio de Nassau, pr\u00f3ximo ao Col\u00e9gio Estadual.<\/div>\n<div style=\"text-align: justify;\">\n<\/div>\n<div style=\"text-align: justify;\">\nA Procuradoria Municipal vai para o pr\u00e9dio onde funciona o Centro Administrativo da Prefeitura de Caruaru.&nbsp;<\/div>\n<div style=\"text-align: justify;\">\n<\/div>\n<div style=\"text-align: justify;\">\nInforma\u00e7\u00f5es de C\u00e9sar Lucena.<\/p>\n<div class=\"separator\" style=\"clear: both; text-align: center;\">\n<a href=\"http:\/\/blogdoedvaldomagalhaes.com.br\/wp-content\/uploads\/2017\/02\/9-Liberdade-5.jpg\" imageanchor=\"1\" style=\"clear: left; float: left; margin-bottom: 1em; margin-right: 1em;\"><img decoding=\"async\" border=\"0\" src=\"http:\/\/blogdoedvaldomagalhaes.com.br\/wp-content\/uploads\/2017\/02\/9-Liberdade-5.jpg\" \/><\/a><\/div>\n<p><\/div>\n","protected":false},"excerpt":{"rendered":"<p>O pr\u00e9dio onde funciona a Destra \u00e9 locado pela Prefeitura de Caruaru por R$ 10 mil &nbsp;mensais, e ainda neste&hellip;<\/p>\n","protected":false},"author":1,"featured_media":0,"comment_status":"open","ping_status":"open","sticky":false,"template":"","format":"standard","meta":{"footnotes":""},"categories":[1],"tags":[992,9235,6],"class_list":["post-6778","post","type-post","status-publish","format-standard","hentry","category-sem-categoria","tag-blog-do-edvaldo-do-magalhaes","tag-destra-e-algumas-secretarias-municipais-farao-mudancas-de-predios-neste-mes","tag-noticias"],"_links":{"self":[{"href":"https:\/\/blogdoedvaldomagalhaes.com.br\/index.php\/wp-json\/wp\/v2\/posts\/6778","targetHints":{"allow":["GET"]}}],"collection":[{"href":"https:\/\/blogdoedvaldomagalhaes.com.br\/index.php\/wp-json\/wp\/v2\/posts"}],"about":[{"href":"https:\/\/blogdoedvaldomagalhaes.com.br\/index.php\/wp-json\/wp\/v2\/types\/post"}],"author":[{"embeddable":true,"href":"https:\/\/blogdoedvaldomagalhaes.com.br\/index.php\/wp-json\/wp\/v2\/users\/1"}],"replies":[{"embeddable":true,"href":"https:\/\/blogdoedvaldomagalhaes.com.br\/index.php\/wp-json\/wp\/v2\/comments?post=6778"}],"version-history":[{"count":1,"href":"https:\/\/blogdoedvaldomagalhaes.com.br\/index.php\/wp-json\/wp\/v2\/posts\/6778\/revisions"}],"predecessor-version":[{"id":16861,"href":"https:\/\/blogdoedvaldomagalhaes.com.br\/index.php\/wp-json\/wp\/v2\/posts\/6778\/revisions\/16861"}],"wp:attachment":[{"href":"https:\/\/blogdoedvaldomagalhaes.com.br\/index.php\/wp-json\/wp\/v2\/media?parent=6778"}],"wp:term":[{"taxonomy":"category","embeddable":true,"href":"https:\/\/blogdoedvaldomagalhaes.com.br\/index.php\/wp-json\/wp\/v2\/categories?post=6778"},{"taxonomy":"post_tag","embeddable":true,"href":"https:\/\/blogdoedvaldomagalhaes.com.br\/index.php\/wp-json\/wp\/v2\/tags?post=6778"}],"curies":[{"name":"wp","href":"https:\/\/api.w.org\/{rel}","templated":true}]}}