{"id":6777,"date":"2017-02-13T16:52:00","date_gmt":"2017-02-13T18:52:00","guid":{"rendered":"http:\/\/blogdoedvaldomagalhaes.com.br\/index.php\/2017\/02\/13\/caruaruense-esta-no-voice-kids-2017\/"},"modified":"2019-02-09T01:16:58","modified_gmt":"2019-02-09T03:16:58","slug":"caruaruense-esta-no-voice-kids-2017","status":"publish","type":"post","link":"https:\/\/blogdoedvaldomagalhaes.com.br\/index.php\/2017\/02\/13\/caruaruense-esta-no-voice-kids-2017\/","title":{"rendered":"Conhe\u00e7a a caruaruense que est\u00e1 no The Voice Kids 2017"},"content":{"rendered":"<div class=\"separator\" style=\"clear: both; text-align: center;\">\n<a href=\"https:\/\/3.bp.blogspot.com\/-wh7abVMObQ4\/WKHkMYLdfrI\/AAAAAAAAPdc\/eDkHTvAv5mYWKDpN4mn-pHeQc0OTSUQqwCLcB\/s1600\/sofia.jpg\" imageanchor=\"1\" style=\"margin-left: 1em; margin-right: 1em;\"><img loading=\"lazy\" decoding=\"async\" border=\"0\" height=\"290\" src=\"http:\/\/blogdoedvaldomagalhaes.com.br\/wp-content\/uploads\/2017\/02\/sofia.jpg\" width=\"400\" \/><\/a><\/div>\n<div dir=\"auto\" style=\"background-color: white; text-align: justify;\">\n<\/div>\n<div dir=\"auto\" style=\"background-color: white; text-align: justify;\">\nA caruaruense Sofia Nunes est\u00e1 na edi\u00e7\u00e3o 2017 do The Voice Kids. Ela participou da sexta tarde de Audi\u00e7\u00f5es \u00e0s Cegas, nesse domingo (12). Interpretando a m\u00fasica Admir\u00e1vel Chip Novo, da cantora Pitty, a menina de 12 anos de idade conquistou os votos de Ivete Sangalo e Carlinhos Brown. Na ocasi\u00e3o, eles tamb\u00e9m elevaram o potencial cultural de Caruaru. Ao fim das avalia\u00e7\u00f5es, Sofia optou pelo time de Ivete Sangalo e segue na competi\u00e7\u00e3o.<\/div>\n<div dir=\"auto\" style=\"background-color: white;\">\n<div style=\"line-height: normal; margin-bottom: 0.0001pt; text-align: justify;\">\n<br \/>\n<b>Trajet\u00f3ria<\/b> &#8211; Sofia, assim como os demais participantes, percorreu um caminho longo e cheio de desafios at\u00e9 chegar \u00e0 Audi\u00e7\u00e3o \u00e0s Cegas &#8211; conhecida como a &#8220;virada das cadeiras&#8221;. &#8220;Muita luta, muita esperan\u00e7a, muita disciplina e, claro, muita f\u00e9, que essa pequena tem de sobra&#8221;, relata ainda a zelosa m\u00e3e, maior incentivadora da filha.&nbsp;<br \/>\n<b><br \/><\/b><\/div>\n<div style=\"line-height: normal; margin-bottom: 0.0001pt; text-align: justify;\">\n<b>Batalha<\/b> &#8211; Na pr\u00f3xima etapa, a das batalhas, o p\u00fablico ainda n\u00e3o vota. A escolha de quem permanece na competi\u00e7\u00e3o segue com os t\u00e9cnicos. &#8220;Tr\u00eas crian\u00e7as cantam e apenas uma fica. Mas, desde j\u00e1, para n\u00f3s caruaruenses, h\u00e1 muito orgulho em saber que essa pequena grande passou por mais de 130 mil v\u00eddeos de todo o Brasil e hoje est\u00e1 entre os 72 selecionados para participar do programa&#8221;, destaca tamb\u00e9m Hironice.&nbsp;<\/p>\n<\/div>\n<div style=\"line-height: normal; margin-bottom: 0.0001pt; text-align: justify;\">\n<b>Perfil<\/b> &#8211; Sofia Nunes est\u00e1 no oitavo ano do Ensino Fundamental II e tem uma rotina disciplinada, entre aulas de canto e de ingl\u00eas, al\u00e9m de visitas \u00e0 fonoaudi\u00f3loga. Isso, contudo, sem viver a realidade que a faixa-et\u00e1ria pede. &#8220;Isso tudo \u00e9 muito natural para Sol, pois n\u00e3o \u00e9 uma imposi\u00e7\u00e3o. \u00c9 o que ela gosta e a faz feliz. Al\u00e9m disso, ela vive uma vida normal, como qualquer pessoa da idade dela&#8221;, explica a m\u00e3e.<\/p>\n<\/div>\n<div style=\"line-height: normal; margin-bottom: 0.0001pt; text-align: justify;\">\n<b>Campe\u00e3 de bicicross <\/b>&#8211; Al\u00e9m da m\u00fasica, outra paix\u00e3o de Sofia \u00e9 o bicicross. Atleta, ela representa a terra natal e j\u00e1 subiu em podiuns, a exemplo dos campeonatos pernambucano e nordeste de 2015 e pernambucano de 2016.<\/p>\n<div class=\"separator\" style=\"clear: both; text-align: center;\">\n<a href=\"http:\/\/blogdoedvaldomagalhaes.com.br\/wp-content\/uploads\/2017\/02\/1-IPTU-8.jpg\" imageanchor=\"1\" style=\"clear: left; float: left; margin-bottom: 1em; margin-right: 1em;\"><img decoding=\"async\" border=\"0\" src=\"http:\/\/blogdoedvaldomagalhaes.com.br\/wp-content\/uploads\/2017\/02\/1-IPTU-8.jpg\" \/><\/a><\/div>\n<p><\/div>\n<\/div>\n","protected":false},"excerpt":{"rendered":"<p>A caruaruense Sofia Nunes est\u00e1 na edi\u00e7\u00e3o 2017 do The Voice Kids. Ela participou da sexta tarde de Audi\u00e7\u00f5es \u00e0s&hellip;<\/p>\n","protected":false},"author":1,"featured_media":0,"comment_status":"open","ping_status":"open","sticky":false,"template":"","format":"standard","meta":{"footnotes":""},"categories":[1],"tags":[992,9234,6],"class_list":["post-6777","post","type-post","status-publish","format-standard","hentry","category-sem-categoria","tag-blog-do-edvaldo-do-magalhaes","tag-conheca-a-caruaruense-que-esta-no-the-voice-kids-2017","tag-noticias"],"_links":{"self":[{"href":"https:\/\/blogdoedvaldomagalhaes.com.br\/index.php\/wp-json\/wp\/v2\/posts\/6777","targetHints":{"allow":["GET"]}}],"collection":[{"href":"https:\/\/blogdoedvaldomagalhaes.com.br\/index.php\/wp-json\/wp\/v2\/posts"}],"about":[{"href":"https:\/\/blogdoedvaldomagalhaes.com.br\/index.php\/wp-json\/wp\/v2\/types\/post"}],"author":[{"embeddable":true,"href":"https:\/\/blogdoedvaldomagalhaes.com.br\/index.php\/wp-json\/wp\/v2\/users\/1"}],"replies":[{"embeddable":true,"href":"https:\/\/blogdoedvaldomagalhaes.com.br\/index.php\/wp-json\/wp\/v2\/comments?post=6777"}],"version-history":[{"count":1,"href":"https:\/\/blogdoedvaldomagalhaes.com.br\/index.php\/wp-json\/wp\/v2\/posts\/6777\/revisions"}],"predecessor-version":[{"id":16864,"href":"https:\/\/blogdoedvaldomagalhaes.com.br\/index.php\/wp-json\/wp\/v2\/posts\/6777\/revisions\/16864"}],"wp:attachment":[{"href":"https:\/\/blogdoedvaldomagalhaes.com.br\/index.php\/wp-json\/wp\/v2\/media?parent=6777"}],"wp:term":[{"taxonomy":"category","embeddable":true,"href":"https:\/\/blogdoedvaldomagalhaes.com.br\/index.php\/wp-json\/wp\/v2\/categories?post=6777"},{"taxonomy":"post_tag","embeddable":true,"href":"https:\/\/blogdoedvaldomagalhaes.com.br\/index.php\/wp-json\/wp\/v2\/tags?post=6777"}],"curies":[{"name":"wp","href":"https:\/\/api.w.org\/{rel}","templated":true}]}}