{"id":6776,"date":"2017-02-13T18:05:00","date_gmt":"2017-02-13T20:05:00","guid":{"rendered":"http:\/\/blogdoedvaldomagalhaes.com.br\/index.php\/2017\/02\/13\/moradores-protestam-fechando-pe-177-que\/"},"modified":"2019-02-09T01:16:58","modified_gmt":"2019-02-09T03:16:58","slug":"moradores-protestam-fechando-pe-177-que","status":"publish","type":"post","link":"https:\/\/blogdoedvaldomagalhaes.com.br\/index.php\/2017\/02\/13\/moradores-protestam-fechando-pe-177-que\/","title":{"rendered":"Moradores protestam fechando a PE-177 que liga Quipap\u00e1 \u00e0 Garanhuns"},"content":{"rendered":"<div class=\"separator\" style=\"clear: both; text-align: center;\">\n<a href=\"https:\/\/2.bp.blogspot.com\/-m6gUSVJrIiA\/WKH1Y7Z1VFI\/AAAAAAAAPeM\/YnB4_vXQK08Vo5rbaxUKjgC2m913O6pXACLcB\/s1600\/protesto%2B1.jpg\" imageanchor=\"1\" style=\"margin-left: 1em; margin-right: 1em;\"><img loading=\"lazy\" decoding=\"async\" border=\"0\" height=\"221\" src=\"http:\/\/blogdoedvaldomagalhaes.com.br\/wp-content\/uploads\/2017\/02\/protesto1.jpg\" width=\"400\" \/><\/a><\/div>\n<div class=\"separator\" style=\"clear: both; text-align: center;\">\n<\/div>\n<div class=\"separator\" style=\"clear: both; text-align: center;\">\n<a href=\"https:\/\/1.bp.blogspot.com\/-u1wqGyZIU44\/WKH1fT6X95I\/AAAAAAAAPeQ\/F3K7w04iLJAnid8dO-5r2EAgGdMvY5FuwCLcB\/s1600\/protesto%2B2.jpg\" imageanchor=\"1\" style=\"margin-left: 1em; margin-right: 1em;\"><img loading=\"lazy\" decoding=\"async\" border=\"0\" height=\"221\" src=\"http:\/\/blogdoedvaldomagalhaes.com.br\/wp-content\/uploads\/2017\/02\/protesto2.jpg\" width=\"400\" \/><\/a><\/div>\n<div class=\"separator\" style=\"clear: both; text-align: center;\">\n<\/div>\n<div data-mce-style=\"text-align: justify;\" style=\"text-align: justify;\">\nUm protesto na PE-177 que liga as cidade de Quipap\u00e1 e Garanhuns nas proximidades do Distrito de Vila Nova, est\u00e1 ocorrendo nesta segunda-feira (13). A popula\u00e7\u00e3o n\u00e3o aguentando mais a falta d&#8217;\u00e1gua e a retirada constante de mais de um milh\u00e3o de litros por dia por parte de um empres\u00e1rio na barragem de Pau-Ferro, na Vila Nova, resolveu fechar a rodovia.<\/p>\n<div class=\"separator\" style=\"clear: both; text-align: center;\">\n<a href=\"https:\/\/1.bp.blogspot.com\/-sHeJmH3PHJQ\/WKH1lie7U_I\/AAAAAAAAPeU\/8VTQzJZE53QOtktGQJ0uIOxq2BDsGfJ1ACLcB\/s1600\/prostesto%2B3.jpg\" imageanchor=\"1\" style=\"margin-left: 1em; margin-right: 1em;\"><img loading=\"lazy\" decoding=\"async\" border=\"0\" height=\"221\" src=\"http:\/\/blogdoedvaldomagalhaes.com.br\/wp-content\/uploads\/2017\/02\/prostesto3.jpg\" width=\"400\" \/><\/a><\/div>\n<p><\/p>\n<div class=\"separator\" style=\"clear: both; text-align: center;\">\n<a href=\"https:\/\/3.bp.blogspot.com\/-W3YZnSIp5PI\/WKH1misevOI\/AAAAAAAAPeY\/JVfA-_hEiTYQxx-cDhfGv6FaIewsw5U0QCLcB\/s1600\/protesto%2B4.jpg\" imageanchor=\"1\" style=\"margin-left: 1em; margin-right: 1em;\"><img loading=\"lazy\" decoding=\"async\" border=\"0\" height=\"221\" src=\"http:\/\/blogdoedvaldomagalhaes.com.br\/wp-content\/uploads\/2017\/02\/protesto4.jpg\" width=\"400\" \/><\/a><\/div>\n<p><\/div>\n<div data-mce-style=\"text-align: justify;\" style=\"text-align: justify;\">\nA barragem de Pau-Ferro abastece as cidades de Lajedo, Cal\u00e7ados, Jupi, S\u00e3o Bento do Una e Tacaimb\u00f3, mas o volume retirado \u00e9 maior que a vaz\u00e3o da barragem, e a mesma est\u00e1 secando.<\/p>\n<div class=\"separator\" style=\"clear: both; text-align: center;\">\n<a href=\"http:\/\/blogdoedvaldomagalhaes.com.br\/wp-content\/uploads\/2017\/02\/2-SISMUC-6.jpg\" imageanchor=\"1\" style=\"clear: left; float: left; margin-bottom: 1em; margin-right: 1em;\"><img decoding=\"async\" border=\"0\" src=\"http:\/\/blogdoedvaldomagalhaes.com.br\/wp-content\/uploads\/2017\/02\/2-SISMUC-6.jpg\" \/><\/a><\/div>\n<p><\/div>\n","protected":false},"excerpt":{"rendered":"<p>Um protesto na PE-177 que liga as cidade de Quipap\u00e1 e Garanhuns nas proximidades do Distrito de Vila Nova, est\u00e1&hellip;<\/p>\n","protected":false},"author":1,"featured_media":0,"comment_status":"open","ping_status":"open","sticky":false,"template":"","format":"standard","meta":{"footnotes":""},"categories":[1],"tags":[992,9233,6],"class_list":["post-6776","post","type-post","status-publish","format-standard","hentry","category-sem-categoria","tag-blog-do-edvaldo-do-magalhaes","tag-moradores-protestam-fechando-a-pe-177-que-liga-quipapa-a-garanhuns","tag-noticias"],"_links":{"self":[{"href":"https:\/\/blogdoedvaldomagalhaes.com.br\/index.php\/wp-json\/wp\/v2\/posts\/6776","targetHints":{"allow":["GET"]}}],"collection":[{"href":"https:\/\/blogdoedvaldomagalhaes.com.br\/index.php\/wp-json\/wp\/v2\/posts"}],"about":[{"href":"https:\/\/blogdoedvaldomagalhaes.com.br\/index.php\/wp-json\/wp\/v2\/types\/post"}],"author":[{"embeddable":true,"href":"https:\/\/blogdoedvaldomagalhaes.com.br\/index.php\/wp-json\/wp\/v2\/users\/1"}],"replies":[{"embeddable":true,"href":"https:\/\/blogdoedvaldomagalhaes.com.br\/index.php\/wp-json\/wp\/v2\/comments?post=6776"}],"version-history":[{"count":1,"href":"https:\/\/blogdoedvaldomagalhaes.com.br\/index.php\/wp-json\/wp\/v2\/posts\/6776\/revisions"}],"predecessor-version":[{"id":16870,"href":"https:\/\/blogdoedvaldomagalhaes.com.br\/index.php\/wp-json\/wp\/v2\/posts\/6776\/revisions\/16870"}],"wp:attachment":[{"href":"https:\/\/blogdoedvaldomagalhaes.com.br\/index.php\/wp-json\/wp\/v2\/media?parent=6776"}],"wp:term":[{"taxonomy":"category","embeddable":true,"href":"https:\/\/blogdoedvaldomagalhaes.com.br\/index.php\/wp-json\/wp\/v2\/categories?post=6776"},{"taxonomy":"post_tag","embeddable":true,"href":"https:\/\/blogdoedvaldomagalhaes.com.br\/index.php\/wp-json\/wp\/v2\/tags?post=6776"}],"curies":[{"name":"wp","href":"https:\/\/api.w.org\/{rel}","templated":true}]}}