{"id":6775,"date":"2017-02-13T21:13:00","date_gmt":"2017-02-13T23:13:00","guid":{"rendered":"http:\/\/blogdoedvaldomagalhaes.com.br\/index.php\/2017\/02\/13\/posto-de-combustiveis-federal-da-br-232\/"},"modified":"2019-02-09T01:16:59","modified_gmt":"2019-02-09T03:16:59","slug":"posto-de-combustiveis-federal-da-br-232","status":"publish","type":"post","link":"https:\/\/blogdoedvaldomagalhaes.com.br\/index.php\/2017\/02\/13\/posto-de-combustiveis-federal-da-br-232\/","title":{"rendered":"Posto de Combust\u00edveis Federal da BR-232 \u00e9 assaltado"},"content":{"rendered":"<div class=\"separator\" style=\"clear: both; text-align: center;\">\n<a href=\"https:\/\/2.bp.blogspot.com\/-1nYAOQnPUtw\/WKIhckD5hpI\/AAAAAAAAPfc\/jlnVWNK2FrYIeoYVgOSI8aWktYK8OnwsQCLcB\/s1600\/prf%2B3.jpg\" imageanchor=\"1\" style=\"margin-left: 1em; margin-right: 1em;\"><img loading=\"lazy\" decoding=\"async\" border=\"0\" height=\"221\" src=\"http:\/\/blogdoedvaldomagalhaes.com.br\/wp-content\/uploads\/2017\/02\/prf3.jpg\" width=\"400\" \/><\/a><\/div>\n<div class=\"separator\" style=\"clear: both; text-align: center;\">\n<\/div>\n<div class=\"separator\" style=\"clear: both; text-align: center;\">\n<a href=\"https:\/\/3.bp.blogspot.com\/-xRTWUKZXxHs\/WKIu7vtprmI\/AAAAAAAAPgM\/k57A26a4Adkqh7TrJ2gPRwBmI6sh6hpSACLcB\/s1600\/assalto.jpg\" imageanchor=\"1\" style=\"margin-left: 1em; margin-right: 1em;\"><img loading=\"lazy\" decoding=\"async\" border=\"0\" height=\"221\" src=\"http:\/\/blogdoedvaldomagalhaes.com.br\/wp-content\/uploads\/2017\/02\/assalto-1.jpg\" width=\"400\" \/><\/a><\/div>\n<div class=\"separator\" style=\"clear: both; text-align: center;\">\n<\/div>\n<div style=\"text-align: justify;\">\nO posto de combust\u00edveis Federal situado \u00e0s margens da BR-232, pr\u00f3ximo ao Rei das Coxinhas I, em Gravat\u00e1, foi assaltado nesta segunda-feira (13). Alguns homens vestidos de policiais civis, de cara limpa, levaram em torno de R$ 40 mil do posto.&nbsp;<\/p>\n<p><\/p>\n<div class=\"separator\" style=\"clear: both; text-align: center;\">\n<a href=\"https:\/\/2.bp.blogspot.com\/-YIgwTEwzyEY\/WKIjYcdjNiI\/AAAAAAAAPfo\/gxPFDoVPspYyGVoAs-2JEjhYgh89eYchgCLcB\/s1600\/prf%2B1.jpg\" imageanchor=\"1\" style=\"margin-left: 1em; margin-right: 1em;\"><img loading=\"lazy\" decoding=\"async\" border=\"0\" height=\"221\" src=\"http:\/\/blogdoedvaldomagalhaes.com.br\/wp-content\/uploads\/2017\/02\/prf1.jpg\" width=\"400\" \/><\/a><\/div>\n<p>\nEles chegaram dizendo que eram policiais de fora e que estavam investigando assaltos que o posto foi v\u00edtima, inclusive chama a aten\u00e7\u00e3o as informa\u00e7\u00f5es privilegiadas que possu\u00edam sobre assaltos consumados e tentados que o posto foi v\u00edtima.&nbsp;Semana passada o posto sofreu uma tentativa de assalto e n\u00e3o foi levado nada.<\/p>\n<p><\/p>\n<div class=\"separator\" style=\"clear: both; text-align: center;\">\n<\/div>\n<p>\nInforma\u00e7\u00f5es da delegada Dan\u00fabia Silva de Andrade.<\/p>\n<p><\/p>\n<div class=\"separator\" style=\"clear: both; text-align: center;\">\n<a href=\"http:\/\/blogdoedvaldomagalhaes.com.br\/wp-content\/uploads\/2017\/02\/3-FestadasPatroas-8.jpg\" imageanchor=\"1\" style=\"clear: left; float: left; margin-bottom: 1em; margin-right: 1em;\"><img decoding=\"async\" border=\"0\" src=\"http:\/\/blogdoedvaldomagalhaes.com.br\/wp-content\/uploads\/2017\/02\/3-FestadasPatroas-8.jpg\" \/><\/a><\/div>\n<\/div>\n","protected":false},"excerpt":{"rendered":"<p>O posto de combust\u00edveis Federal situado \u00e0s margens da BR-232, pr\u00f3ximo ao Rei das Coxinhas I, em Gravat\u00e1, foi assaltado&hellip;<\/p>\n","protected":false},"author":1,"featured_media":0,"comment_status":"open","ping_status":"open","sticky":false,"template":"","format":"standard","meta":{"footnotes":""},"categories":[1],"tags":[2,551,6,9232],"class_list":["post-6775","post","type-post","status-publish","format-standard","hentry","category-sem-categoria","tag-blog-do-edvaldo-magalhaes","tag-gravata","tag-noticias","tag-posto-de-combustiveis-federal-da-br-232-e-assaltado"],"_links":{"self":[{"href":"https:\/\/blogdoedvaldomagalhaes.com.br\/index.php\/wp-json\/wp\/v2\/posts\/6775","targetHints":{"allow":["GET"]}}],"collection":[{"href":"https:\/\/blogdoedvaldomagalhaes.com.br\/index.php\/wp-json\/wp\/v2\/posts"}],"about":[{"href":"https:\/\/blogdoedvaldomagalhaes.com.br\/index.php\/wp-json\/wp\/v2\/types\/post"}],"author":[{"embeddable":true,"href":"https:\/\/blogdoedvaldomagalhaes.com.br\/index.php\/wp-json\/wp\/v2\/users\/1"}],"replies":[{"embeddable":true,"href":"https:\/\/blogdoedvaldomagalhaes.com.br\/index.php\/wp-json\/wp\/v2\/comments?post=6775"}],"version-history":[{"count":1,"href":"https:\/\/blogdoedvaldomagalhaes.com.br\/index.php\/wp-json\/wp\/v2\/posts\/6775\/revisions"}],"predecessor-version":[{"id":16875,"href":"https:\/\/blogdoedvaldomagalhaes.com.br\/index.php\/wp-json\/wp\/v2\/posts\/6775\/revisions\/16875"}],"wp:attachment":[{"href":"https:\/\/blogdoedvaldomagalhaes.com.br\/index.php\/wp-json\/wp\/v2\/media?parent=6775"}],"wp:term":[{"taxonomy":"category","embeddable":true,"href":"https:\/\/blogdoedvaldomagalhaes.com.br\/index.php\/wp-json\/wp\/v2\/categories?post=6775"},{"taxonomy":"post_tag","embeddable":true,"href":"https:\/\/blogdoedvaldomagalhaes.com.br\/index.php\/wp-json\/wp\/v2\/tags?post=6775"}],"curies":[{"name":"wp","href":"https:\/\/api.w.org\/{rel}","templated":true}]}}