{"id":6774,"date":"2017-02-13T22:18:00","date_gmt":"2017-02-14T00:18:00","guid":{"rendered":"http:\/\/blogdoedvaldomagalhaes.com.br\/index.php\/2017\/02\/13\/vereador-daniel-finizola-nao-esta-na\/"},"modified":"2019-02-09T01:16:59","modified_gmt":"2019-02-09T03:16:59","slug":"vereador-daniel-finizola-nao-esta-na","status":"publish","type":"post","link":"https:\/\/blogdoedvaldomagalhaes.com.br\/index.php\/2017\/02\/13\/vereador-daniel-finizola-nao-esta-na\/","title":{"rendered":"Vereador Daniel Finizola n\u00e3o est\u00e1 na bancada de oposi\u00e7\u00e3o e sim independente"},"content":{"rendered":"<div class=\"separator\" style=\"clear: both; text-align: center;\">\n<a href=\"https:\/\/4.bp.blogspot.com\/-PnwymEVtilA\/WKIwumJKs7I\/AAAAAAAAPgY\/YlKhOdR307oxupfjtriSCJZ00mAMR9xuQCLcB\/s1600\/daniel.jpg\" imageanchor=\"1\" style=\"margin-left: 1em; margin-right: 1em;\"><img loading=\"lazy\" decoding=\"async\" border=\"0\" height=\"400\" src=\"http:\/\/blogdoedvaldomagalhaes.com.br\/wp-content\/uploads\/2017\/02\/daniel-1.jpg\" width=\"300\" \/><\/a><\/div>\n<div style=\"text-align: justify;\">\n<\/div>\n<div style=\"text-align: justify;\">\nO Vereador Daniel Finizola (PT), comunicado \u00e0 imprensa e \u00e0 sociedade, que \u00e9 independente em rela\u00e7\u00e3o ao governo municipal. &#8220;Orientando-se pelo exerc\u00edcio do di\u00e1logo com todos os blocos organizados na C\u00e2mara, em prol de avan\u00e7os que beneficiem a popula\u00e7\u00e3o caruaruense&#8221; disse Finizola.&nbsp;<\/p>\n<div class=\"separator\" style=\"clear: both; text-align: center;\">\n<a href=\"http:\/\/blogdoedvaldomagalhaes.com.br\/wp-content\/uploads\/2017\/02\/5-Saga-6.jpg\" imageanchor=\"1\" style=\"clear: left; float: left; margin-bottom: 1em; margin-right: 1em;\"><img decoding=\"async\" border=\"0\" src=\"http:\/\/blogdoedvaldomagalhaes.com.br\/wp-content\/uploads\/2017\/02\/5-Saga-6.jpg\" \/><\/a><\/div>\n<p><\/div>\n","protected":false},"excerpt":{"rendered":"<p>O Vereador Daniel Finizola (PT), comunicado \u00e0 imprensa e \u00e0 sociedade, que \u00e9 independente em rela\u00e7\u00e3o ao governo municipal. &#8220;Orientando-se&hellip;<\/p>\n","protected":false},"author":1,"featured_media":0,"comment_status":"open","ping_status":"open","sticky":false,"template":"","format":"standard","meta":{"footnotes":""},"categories":[1],"tags":[992,4476,20,3217,9231],"class_list":["post-6774","post","type-post","status-publish","format-standard","hentry","category-sem-categoria","tag-blog-do-edvaldo-do-magalhaes","tag-camara-de-vereadores-de-caruaru","tag-politica","tag-pt","tag-vereador-daniel-finizola-nao-esta-na-bancada-de-oposicao-e-sim-independente"],"_links":{"self":[{"href":"https:\/\/blogdoedvaldomagalhaes.com.br\/index.php\/wp-json\/wp\/v2\/posts\/6774","targetHints":{"allow":["GET"]}}],"collection":[{"href":"https:\/\/blogdoedvaldomagalhaes.com.br\/index.php\/wp-json\/wp\/v2\/posts"}],"about":[{"href":"https:\/\/blogdoedvaldomagalhaes.com.br\/index.php\/wp-json\/wp\/v2\/types\/post"}],"author":[{"embeddable":true,"href":"https:\/\/blogdoedvaldomagalhaes.com.br\/index.php\/wp-json\/wp\/v2\/users\/1"}],"replies":[{"embeddable":true,"href":"https:\/\/blogdoedvaldomagalhaes.com.br\/index.php\/wp-json\/wp\/v2\/comments?post=6774"}],"version-history":[{"count":1,"href":"https:\/\/blogdoedvaldomagalhaes.com.br\/index.php\/wp-json\/wp\/v2\/posts\/6774\/revisions"}],"predecessor-version":[{"id":16878,"href":"https:\/\/blogdoedvaldomagalhaes.com.br\/index.php\/wp-json\/wp\/v2\/posts\/6774\/revisions\/16878"}],"wp:attachment":[{"href":"https:\/\/blogdoedvaldomagalhaes.com.br\/index.php\/wp-json\/wp\/v2\/media?parent=6774"}],"wp:term":[{"taxonomy":"category","embeddable":true,"href":"https:\/\/blogdoedvaldomagalhaes.com.br\/index.php\/wp-json\/wp\/v2\/categories?post=6774"},{"taxonomy":"post_tag","embeddable":true,"href":"https:\/\/blogdoedvaldomagalhaes.com.br\/index.php\/wp-json\/wp\/v2\/tags?post=6774"}],"curies":[{"name":"wp","href":"https:\/\/api.w.org\/{rel}","templated":true}]}}