{"id":6773,"date":"2017-02-13T23:10:00","date_gmt":"2017-02-14T01:10:00","guid":{"rendered":"http:\/\/blogdoedvaldomagalhaes.com.br\/index.php\/2017\/02\/13\/prefeitura-de-agrestina-abre-selecao\/"},"modified":"2019-02-09T01:16:59","modified_gmt":"2019-02-09T03:16:59","slug":"prefeitura-de-agrestina-abre-selecao","status":"publish","type":"post","link":"https:\/\/blogdoedvaldomagalhaes.com.br\/index.php\/2017\/02\/13\/prefeitura-de-agrestina-abre-selecao\/","title":{"rendered":"Prefeitura de Agrestina abre Sele\u00e7\u00e3o Simplificada para 734 vagas"},"content":{"rendered":"<div style=\"background: rgb(255, 255, 255); border: 0px; margin: 0px; outline: 0px; padding: 0px; text-align: justify; vertical-align: baseline; word-wrap: break-word;\">\n<div class=\"separator\" style=\"clear: both; text-align: center;\">\n<a href=\"https:\/\/4.bp.blogspot.com\/-pPXukWKFqvc\/WKI8vFcLwWI\/AAAAAAAAPg0\/wTnX4Po4PUY0YPosqKBHYFjnEb58R6mpACLcB\/s1600\/agrstina.jpg\" imageanchor=\"1\" style=\"margin-left: 1em; margin-right: 1em;\"><img loading=\"lazy\" decoding=\"async\" border=\"0\" height=\"276\" src=\"http:\/\/blogdoedvaldomagalhaes.com.br\/wp-content\/uploads\/2017\/02\/agrstina.jpg\" width=\"400\" \/><\/a><\/div>\n<div class=\"separator\" style=\"clear: both; text-align: center;\">\nFoto ilustrativa<\/div>\n<div style=\"background-attachment: initial; background-clip: initial; background-image: initial; background-origin: initial; background-position: initial; background-repeat: initial; background-size: initial; border: 0px; margin: 0px; outline: 0px; padding: 0px; vertical-align: baseline; word-wrap: break-word;\">\n<\/div>\n<div style=\"background-attachment: initial; background-clip: initial; background-image: initial; background-origin: initial; background-position: initial; background-repeat: initial; background-size: initial; border: 0px; margin: 0px; outline: 0px; padding: 0px; vertical-align: baseline; word-wrap: break-word;\">\nFoi publicada nesta segunda-feira (13), no Di\u00e1rio Oficial a autoriza\u00e7\u00e3o de Sele\u00e7\u00e3o Simplificada para 734 vagas distribu\u00eddas em diversos setores da Administra\u00e7\u00e3o P\u00fablica, Sa\u00fade e Educa\u00e7\u00e3o de Agrestina.<\/div>\n<div style=\"background-attachment: initial; background-clip: initial; background-image: initial; background-origin: initial; background-position: initial; background-repeat: initial; background-size: initial; border: 0px; margin: 0px; outline: 0px; padding: 0px; vertical-align: baseline; word-wrap: break-word;\">\n<\/div>\n<div style=\"background-attachment: initial; background-clip: initial; background-image: initial; background-origin: initial; background-position: initial; background-repeat: initial; background-size: initial; border: 0px; margin: 0px; outline: 0px; padding: 0px; vertical-align: baseline; word-wrap: break-word;\">\nNo setor da administra\u00e7\u00e3o p\u00fablica ser\u00e3o disponibilizadas 361 vagas, onde os profissionais poder\u00e3o atuar nos quadros das Secretarias Municipais de Desenvolvimento Econ\u00f4mico, Ci\u00eancia e Tecnologia e Meio Ambiente; Administra\u00e7\u00e3o; Finan\u00e7as; Cultura e Turismo; A\u00e7\u00e3o e Desenvolvimento Social; Governo; Agricultura e Abastecimento; Pol\u00edticas para as Mulheres; e Infraestrutura e Urbanismo.&nbsp;<\/div>\n<div style=\"background-attachment: initial; background-clip: initial; background-image: initial; background-origin: initial; background-position: initial; background-repeat: initial; background-size: initial; border: 0px; margin: 0px; outline: 0px; padding: 0px; vertical-align: baseline; word-wrap: break-word;\">\n<\/div>\n<div style=\"background-attachment: initial; background-clip: initial; background-image: initial; background-origin: initial; background-position: initial; background-repeat: initial; background-size: initial; border: 0px; margin: 0px; outline: 0px; padding: 0px; vertical-align: baseline; word-wrap: break-word;\">\nPara a Educa\u00e7\u00e3o, foram autorizadas as contrata\u00e7\u00f5es tempor\u00e1rias de 230 (duzentos e trinta) professores para atuarem no Ensino Infantil I e II, Ensino Fundamental I e II, Educa\u00e7\u00e3o de Jovens e Adultos \u2013 EJA I e 75 (setenta e cinco) profissionais de diversas \u00e1reas para atuarem nos quadros da Secretaria de Educa\u00e7\u00e3o.<\/div>\n<div style=\"background-attachment: initial; background-clip: initial; background-image: initial; background-origin: initial; background-position: initial; background-repeat: initial; background-size: initial; border: 0px; margin: 0px; outline: 0px; padding: 0px; vertical-align: baseline; word-wrap: break-word;\">\n<\/div>\n<div style=\"background-attachment: initial; background-clip: initial; background-image: initial; background-origin: initial; background-position: initial; background-repeat: initial; background-size: initial; border: 0px; margin: 0px; outline: 0px; padding: 0px; vertical-align: baseline; word-wrap: break-word;\">\nJ\u00e1 na Sa\u00fade ser\u00e3o contratados 68 (sessenta e oito) profissionais substitutos para atuarem nos quadros da Secretaria de Sa\u00fade do munic\u00edpio.<\/div>\n<div style=\"background-attachment: initial; background-clip: initial; background-image: initial; background-origin: initial; background-position: initial; background-repeat: initial; background-size: initial; border: 0px; margin: 0px; outline: 0px; padding: 0px; vertical-align: baseline; word-wrap: break-word;\">\n<\/div>\n<div style=\"background-attachment: initial; background-clip: initial; background-image: initial; background-origin: initial; background-position: initial; background-repeat: initial; background-size: initial; border: 0px; margin: 0px; outline: 0px; padding: 0px; vertical-align: baseline; word-wrap: break-word;\">\nO edital da Sele\u00e7\u00e3o Simplificada dever\u00e1 ser publicado no prazo de at\u00e9 30 dias.<\/div>\n<div style=\"background-attachment: initial; background-clip: initial; background-image: initial; background-origin: initial; background-position: initial; background-repeat: initial; background-size: initial; border: 0px; margin: 0px; outline: 0px; padding: 0px; vertical-align: baseline; word-wrap: break-word;\">\n<\/div>\n<div style=\"background-attachment: initial; background-clip: initial; background-image: initial; background-origin: initial; background-position: initial; background-repeat: initial; background-size: initial; border: 0px; margin: 0px; outline: 0px; padding: 0px; vertical-align: baseline; word-wrap: break-word;\">\nInforma\u00e7\u00f5es do Blog do Adriano Monteiro.<\/p>\n<div class=\"separator\" style=\"clear: both; text-align: center;\">\n<a href=\"http:\/\/blogdoedvaldomagalhaes.com.br\/wp-content\/uploads\/2017\/02\/6-STR-6.jpg\" imageanchor=\"1\" style=\"clear: left; float: left; margin-bottom: 1em; margin-right: 1em;\"><img decoding=\"async\" border=\"0\" src=\"http:\/\/blogdoedvaldomagalhaes.com.br\/wp-content\/uploads\/2017\/02\/6-STR-6.jpg\" \/><\/a><\/div>\n<p><\/div>\n<\/div>\n","protected":false},"excerpt":{"rendered":"<p>Foto ilustrativa Foi publicada nesta segunda-feira (13), no Di\u00e1rio Oficial a autoriza\u00e7\u00e3o de Sele\u00e7\u00e3o Simplificada para 734 vagas distribu\u00eddas em&hellip;<\/p>\n","protected":false},"author":1,"featured_media":0,"comment_status":"open","ping_status":"open","sticky":false,"template":"","format":"standard","meta":{"footnotes":""},"categories":[1],"tags":[992,6,9230],"class_list":["post-6773","post","type-post","status-publish","format-standard","hentry","category-sem-categoria","tag-blog-do-edvaldo-do-magalhaes","tag-noticias","tag-prefeitura-de-agrestina-abre-selecao-simplificada-para-734-vagas"],"_links":{"self":[{"href":"https:\/\/blogdoedvaldomagalhaes.com.br\/index.php\/wp-json\/wp\/v2\/posts\/6773","targetHints":{"allow":["GET"]}}],"collection":[{"href":"https:\/\/blogdoedvaldomagalhaes.com.br\/index.php\/wp-json\/wp\/v2\/posts"}],"about":[{"href":"https:\/\/blogdoedvaldomagalhaes.com.br\/index.php\/wp-json\/wp\/v2\/types\/post"}],"author":[{"embeddable":true,"href":"https:\/\/blogdoedvaldomagalhaes.com.br\/index.php\/wp-json\/wp\/v2\/users\/1"}],"replies":[{"embeddable":true,"href":"https:\/\/blogdoedvaldomagalhaes.com.br\/index.php\/wp-json\/wp\/v2\/comments?post=6773"}],"version-history":[{"count":1,"href":"https:\/\/blogdoedvaldomagalhaes.com.br\/index.php\/wp-json\/wp\/v2\/posts\/6773\/revisions"}],"predecessor-version":[{"id":16881,"href":"https:\/\/blogdoedvaldomagalhaes.com.br\/index.php\/wp-json\/wp\/v2\/posts\/6773\/revisions\/16881"}],"wp:attachment":[{"href":"https:\/\/blogdoedvaldomagalhaes.com.br\/index.php\/wp-json\/wp\/v2\/media?parent=6773"}],"wp:term":[{"taxonomy":"category","embeddable":true,"href":"https:\/\/blogdoedvaldomagalhaes.com.br\/index.php\/wp-json\/wp\/v2\/categories?post=6773"},{"taxonomy":"post_tag","embeddable":true,"href":"https:\/\/blogdoedvaldomagalhaes.com.br\/index.php\/wp-json\/wp\/v2\/tags?post=6773"}],"curies":[{"name":"wp","href":"https:\/\/api.w.org\/{rel}","templated":true}]}}