{"id":67700,"date":"2021-03-12T09:04:51","date_gmt":"2021-03-12T12:04:51","guid":{"rendered":"https:\/\/blogdoedvaldomagalhaes.com.br\/?p=67700"},"modified":"2021-03-12T09:04:52","modified_gmt":"2021-03-12T12:04:52","slug":"caruaru-homem-e-morto-a-tiros-comerciante-e-baleado-em-tentativa-de-assalto-a-mercadinho","status":"publish","type":"post","link":"https:\/\/blogdoedvaldomagalhaes.com.br\/index.php\/2021\/03\/12\/caruaru-homem-e-morto-a-tiros-comerciante-e-baleado-em-tentativa-de-assalto-a-mercadinho\/","title":{"rendered":"Caruaru: Homem \u00e9 morto a tiros; Comerciante \u00e9 baleado em tentativa de assalto a mercadinho"},"content":{"rendered":"<p style=\"text-align: justify;\">Um homem foi morto a tiros no bairro Universit\u00e1rio na manh\u00e3 desta sexta-feira (12), entre as Avenidas Brasil e Portugal. Jos\u00e9 Fernando da Silva, 28 anos, morava no S\u00e3o Jo\u00e3o da Esc\u00f3cia.<\/p>\n<p style=\"text-align: justify;\">Este foi o 3\u00ba homic\u00eddio do m\u00eas de mar\u00e7o, e o 22\u00b0 crime de morte no ano de 2021, em Caruaru.<\/p>\n<p style=\"text-align: justify;\">Na tarde dessa quinta-feira (11), aconteceu uma tentativa de latroc\u00ednio em Caruaru. Um comerciante foi baleado durante uma tentativa de assalto a um mercadinho, no bairro Jos\u00e9 Carlos de Oliveira.<\/p>\n<p style=\"text-align: justify;\">Sivonaldo Alves da Silva, conhecido como \u201cVav\u00e1\u201d, estava no estabelecimento de sua propriedade quando chegaram dois desconhecidos, anunciaram assalto e foram logo atirando. Eles fugiram em seguida. O comerciante foi socorrido por populares para o Hospital Regional do Agreste (HRA).<\/p>\n<p>Por Helenivaldo Pereira.<\/p>\n<p>Foto: Renan da Funer\u00e1ria\/Cortesia.<\/p>\n","protected":false},"excerpt":{"rendered":"<p>Um homem foi morto a tiros no bairro Universit\u00e1rio na manh\u00e3 desta sexta-feira (12), entre as Avenidas Brasil e Portugal.&hellip;<\/p>\n","protected":false},"author":1,"featured_media":67701,"comment_status":"open","ping_status":"open","sticky":false,"template":"","format":"standard","meta":{"footnotes":""},"categories":[14121],"tags":[2,19532,21049,1950],"class_list":["post-67700","post","type-post","status-publish","format-standard","has-post-thumbnail","hentry","category-policial","tag-blog-do-edvaldo-magalhaes","tag-blog-mais-acessado-e-visualizado-de-caruaru-e-regiao","tag-caruaru-homem-e-morto-a-tiros-comerciante-e-baleado-em-tentativa-de-assalto-a-mercadinho","tag-noticias-de-caruaru"],"_links":{"self":[{"href":"https:\/\/blogdoedvaldomagalhaes.com.br\/index.php\/wp-json\/wp\/v2\/posts\/67700","targetHints":{"allow":["GET"]}}],"collection":[{"href":"https:\/\/blogdoedvaldomagalhaes.com.br\/index.php\/wp-json\/wp\/v2\/posts"}],"about":[{"href":"https:\/\/blogdoedvaldomagalhaes.com.br\/index.php\/wp-json\/wp\/v2\/types\/post"}],"author":[{"embeddable":true,"href":"https:\/\/blogdoedvaldomagalhaes.com.br\/index.php\/wp-json\/wp\/v2\/users\/1"}],"replies":[{"embeddable":true,"href":"https:\/\/blogdoedvaldomagalhaes.com.br\/index.php\/wp-json\/wp\/v2\/comments?post=67700"}],"version-history":[{"count":1,"href":"https:\/\/blogdoedvaldomagalhaes.com.br\/index.php\/wp-json\/wp\/v2\/posts\/67700\/revisions"}],"predecessor-version":[{"id":67702,"href":"https:\/\/blogdoedvaldomagalhaes.com.br\/index.php\/wp-json\/wp\/v2\/posts\/67700\/revisions\/67702"}],"wp:featuredmedia":[{"embeddable":true,"href":"https:\/\/blogdoedvaldomagalhaes.com.br\/index.php\/wp-json\/wp\/v2\/media\/67701"}],"wp:attachment":[{"href":"https:\/\/blogdoedvaldomagalhaes.com.br\/index.php\/wp-json\/wp\/v2\/media?parent=67700"}],"wp:term":[{"taxonomy":"category","embeddable":true,"href":"https:\/\/blogdoedvaldomagalhaes.com.br\/index.php\/wp-json\/wp\/v2\/categories?post=67700"},{"taxonomy":"post_tag","embeddable":true,"href":"https:\/\/blogdoedvaldomagalhaes.com.br\/index.php\/wp-json\/wp\/v2\/tags?post=67700"}],"curies":[{"name":"wp","href":"https:\/\/api.w.org\/{rel}","templated":true}]}}