{"id":67697,"date":"2021-03-12T07:51:48","date_gmt":"2021-03-12T10:51:48","guid":{"rendered":"https:\/\/blogdoedvaldomagalhaes.com.br\/?p=67697"},"modified":"2021-03-12T07:51:50","modified_gmt":"2021-03-12T10:51:50","slug":"deputado-erick-lessa-defende-igreja-como-servico-essencial","status":"publish","type":"post","link":"https:\/\/blogdoedvaldomagalhaes.com.br\/index.php\/2021\/03\/12\/deputado-erick-lessa-defende-igreja-como-servico-essencial\/","title":{"rendered":"Deputado Erick Lessa defende igreja como servi\u00e7o essencial"},"content":{"rendered":"\n<p>Em discurso na Assembleia Legislativa de Pernambuco (Alepe), o deputado estadual Delegado Erick Lessa (Progressistas) declarou que \u00e9 favor\u00e1vel ao reconhecimento das atividades religiosas como servi\u00e7os essenciais. Ainda durante a sess\u00e3o, nesta quinta-feira (11), o parlamentou deixou claro que \u00e9 contr\u00e1rio ao parecer da Comiss\u00e3o de Constitui\u00e7\u00e3o, Legisla\u00e7\u00e3o e Justi\u00e7a (CCLJ) da Casa, que na segunda-feira (08) negou o projeto que defendia tornar as igrejas atividades essenciais.<\/p>\n\n\n\n<p>O deputado destacou que os locais de culto colaboram para a sa\u00fade emocional e espiritual dos membros e da comunidade em geral. \u201cA Constitui\u00e7\u00e3o Federal estabelece que a liberdade de culto \u00e9 um direito basilar dos cidad\u00e3os, e a Constitui\u00e7\u00e3o \u00e9 o \u00e1pice da cadeia legislativa em todas as unidades federativas\u201d, complementou.<\/p>\n\n\n<p style=\"text-align: justify;\">Na Alepe, Erick Lessa defende igreja como servi\u00e7o essencial<\/p>\n<p><br \/>Em discurso na Assembleia Legislativa de Pernambuco (Alepe), o deputado estadual Delegado Erick Lessa (Progressistas) declarou que \u00e9 favor\u00e1vel ao reconhecimento das atividades religiosas como servi\u00e7os essenciais. Ainda durante a sess\u00e3o, nesta quinta-feira (11), o parlamentou deixou claro que \u00e9 contr\u00e1rio ao parecer da Comiss\u00e3o de Constitui\u00e7\u00e3o, Legisla\u00e7\u00e3o e Justi\u00e7a (CCLJ) da Casa, que na segunda-feira (08) negou o projeto que defendia tornar as igrejas atividades essenciais.<\/p>\n<p>O deputado destacou que os locais de culto colaboram para a sa\u00fade emocional e espiritual dos membros e da comunidade em geral. \u201cA Constitui\u00e7\u00e3o Federal estabelece que a liberdade de culto \u00e9 um direito basilar dos cidad\u00e3os, e a Constitui\u00e7\u00e3o \u00e9 o \u00e1pice da cadeia legislativa em todas as unidades federativas\u201d, complementou.<\/p>","protected":false},"excerpt":{"rendered":"<p>Em discurso na Assembleia Legislativa de Pernambuco (Alepe), o deputado estadual Delegado Erick Lessa (Progressistas) declarou que \u00e9 favor\u00e1vel ao&hellip;<\/p>\n","protected":false},"author":1,"featured_media":67698,"comment_status":"open","ping_status":"open","sticky":false,"template":"","format":"standard","meta":{"footnotes":""},"categories":[14122],"tags":[2,19532,21048,20],"class_list":["post-67697","post","type-post","status-publish","format-standard","has-post-thumbnail","hentry","category-politica","tag-blog-do-edvaldo-magalhaes","tag-blog-mais-acessado-e-visualizado-de-caruaru-e-regiao","tag-deputado-erick-lessa-defende-igreja-como-servico-essencial","tag-politica"],"_links":{"self":[{"href":"https:\/\/blogdoedvaldomagalhaes.com.br\/index.php\/wp-json\/wp\/v2\/posts\/67697","targetHints":{"allow":["GET"]}}],"collection":[{"href":"https:\/\/blogdoedvaldomagalhaes.com.br\/index.php\/wp-json\/wp\/v2\/posts"}],"about":[{"href":"https:\/\/blogdoedvaldomagalhaes.com.br\/index.php\/wp-json\/wp\/v2\/types\/post"}],"author":[{"embeddable":true,"href":"https:\/\/blogdoedvaldomagalhaes.com.br\/index.php\/wp-json\/wp\/v2\/users\/1"}],"replies":[{"embeddable":true,"href":"https:\/\/blogdoedvaldomagalhaes.com.br\/index.php\/wp-json\/wp\/v2\/comments?post=67697"}],"version-history":[{"count":1,"href":"https:\/\/blogdoedvaldomagalhaes.com.br\/index.php\/wp-json\/wp\/v2\/posts\/67697\/revisions"}],"predecessor-version":[{"id":67699,"href":"https:\/\/blogdoedvaldomagalhaes.com.br\/index.php\/wp-json\/wp\/v2\/posts\/67697\/revisions\/67699"}],"wp:featuredmedia":[{"embeddable":true,"href":"https:\/\/blogdoedvaldomagalhaes.com.br\/index.php\/wp-json\/wp\/v2\/media\/67698"}],"wp:attachment":[{"href":"https:\/\/blogdoedvaldomagalhaes.com.br\/index.php\/wp-json\/wp\/v2\/media?parent=67697"}],"wp:term":[{"taxonomy":"category","embeddable":true,"href":"https:\/\/blogdoedvaldomagalhaes.com.br\/index.php\/wp-json\/wp\/v2\/categories?post=67697"},{"taxonomy":"post_tag","embeddable":true,"href":"https:\/\/blogdoedvaldomagalhaes.com.br\/index.php\/wp-json\/wp\/v2\/tags?post=67697"}],"curies":[{"name":"wp","href":"https:\/\/api.w.org\/{rel}","templated":true}]}}