{"id":67694,"date":"2021-03-11T23:25:56","date_gmt":"2021-03-12T02:25:56","guid":{"rendered":"https:\/\/blogdoedvaldomagalhaes.com.br\/?p=67694"},"modified":"2021-03-11T23:25:57","modified_gmt":"2021-03-12T02:25:57","slug":"cabo-cardoso-e-favoravel-as-atividades-esportivas-na-pandemia","status":"publish","type":"post","link":"https:\/\/blogdoedvaldomagalhaes.com.br\/index.php\/2021\/03\/11\/cabo-cardoso-e-favoravel-as-atividades-esportivas-na-pandemia\/","title":{"rendered":"Cabo Cardoso \u00e9 favor\u00e1vel as atividades esportivas na pandemia"},"content":{"rendered":"<p style=\"text-align: justify;\">Durante a Reuni\u00e3o Plen\u00e1ria Virtual da C\u00e2mara Municipal de Caruaru, o Vereador Cabo Cardoso (PP) usou a tribuna e lamentou a situa\u00e7\u00e3o de muitas pessoas que est\u00e3o passando necessidades, devido o protocolo do governo do estado com restri\u00e7\u00f5es, e afirmou que \u00e9 favor\u00e1vel a pr\u00e1tica das atividades esportivas. Confira as proposituras apresentadas pelo vereador Cabo Cardoso (PP), e que foram aprovadas por unanimidade.<\/p>\n<p style=\"text-align: justify;\">Requeiro o retorno das obras de reforma nos bancos da Pra\u00e7a situada em frente ao port\u00e3o da Caixa D&#8217;\u00e1gua no Salgado.<\/p>\n<p style=\"text-align: justify;\">Solicito a Secret\u00e1ria de Servi\u00e7os P\u00fablicos, para que procedam com a podagem das \u00e1rvores da Pra\u00e7a da Academia das Cidades, bairro do S\u00e3o Jo\u00e3o da Esc\u00f3cia.<\/p>\n<p style=\"text-align: justify;\">Requeiro a Secret\u00e1ria de Servi\u00e7os P\u00fablicos e Sustentabilidade, que procedam com a podagem das \u00e1rvores da Pra\u00e7a, situada na Rua Bartolomeu de Anacleto pr\u00f3ximo a Caixa D\u2019\u00e1gua, bairro do Salgado.<\/p>\n<p style=\"text-align: justify;\">Solicito a Secret\u00e1ria de Servi\u00e7os P\u00fablicos e Sustentabilidade, que procedam com a capina\u00e7\u00e3o e limpeza como tamb\u00e9m a remo\u00e7\u00e3o de entulhos nas Ruas do entorno da Pra\u00e7a da Academia das Cidades, bairro do S\u00e3o Jo\u00e3o da Esc\u00f3cia.<\/p>\n","protected":false},"excerpt":{"rendered":"<p>Durante a Reuni\u00e3o Plen\u00e1ria Virtual da C\u00e2mara Municipal de Caruaru, o Vereador Cabo Cardoso (PP) usou a tribuna e lamentou&hellip;<\/p>\n","protected":false},"author":1,"featured_media":67695,"comment_status":"open","ping_status":"open","sticky":false,"template":"","format":"standard","meta":{"footnotes":""},"categories":[14122],"tags":[2,19532,21047,20],"class_list":["post-67694","post","type-post","status-publish","format-standard","has-post-thumbnail","hentry","category-politica","tag-blog-do-edvaldo-magalhaes","tag-blog-mais-acessado-e-visualizado-de-caruaru-e-regiao","tag-cabo-cardoso-e-favoravel-as-atividades-esportivas-na-pandemia","tag-politica"],"_links":{"self":[{"href":"https:\/\/blogdoedvaldomagalhaes.com.br\/index.php\/wp-json\/wp\/v2\/posts\/67694","targetHints":{"allow":["GET"]}}],"collection":[{"href":"https:\/\/blogdoedvaldomagalhaes.com.br\/index.php\/wp-json\/wp\/v2\/posts"}],"about":[{"href":"https:\/\/blogdoedvaldomagalhaes.com.br\/index.php\/wp-json\/wp\/v2\/types\/post"}],"author":[{"embeddable":true,"href":"https:\/\/blogdoedvaldomagalhaes.com.br\/index.php\/wp-json\/wp\/v2\/users\/1"}],"replies":[{"embeddable":true,"href":"https:\/\/blogdoedvaldomagalhaes.com.br\/index.php\/wp-json\/wp\/v2\/comments?post=67694"}],"version-history":[{"count":1,"href":"https:\/\/blogdoedvaldomagalhaes.com.br\/index.php\/wp-json\/wp\/v2\/posts\/67694\/revisions"}],"predecessor-version":[{"id":67696,"href":"https:\/\/blogdoedvaldomagalhaes.com.br\/index.php\/wp-json\/wp\/v2\/posts\/67694\/revisions\/67696"}],"wp:featuredmedia":[{"embeddable":true,"href":"https:\/\/blogdoedvaldomagalhaes.com.br\/index.php\/wp-json\/wp\/v2\/media\/67695"}],"wp:attachment":[{"href":"https:\/\/blogdoedvaldomagalhaes.com.br\/index.php\/wp-json\/wp\/v2\/media?parent=67694"}],"wp:term":[{"taxonomy":"category","embeddable":true,"href":"https:\/\/blogdoedvaldomagalhaes.com.br\/index.php\/wp-json\/wp\/v2\/categories?post=67694"},{"taxonomy":"post_tag","embeddable":true,"href":"https:\/\/blogdoedvaldomagalhaes.com.br\/index.php\/wp-json\/wp\/v2\/tags?post=67694"}],"curies":[{"name":"wp","href":"https:\/\/api.w.org\/{rel}","templated":true}]}}