{"id":6762,"date":"2017-02-15T03:01:00","date_gmt":"2017-02-15T05:01:00","guid":{"rendered":"http:\/\/blogdoedvaldomagalhaes.com.br\/index.php\/2017\/02\/15\/presidente-da-camara-de-camara-vai\/"},"modified":"2019-02-09T01:17:09","modified_gmt":"2019-02-09T03:17:09","slug":"presidente-da-camara-de-camara-vai","status":"publish","type":"post","link":"https:\/\/blogdoedvaldomagalhaes.com.br\/index.php\/2017\/02\/15\/presidente-da-camara-de-camara-vai\/","title":{"rendered":"Presidente da C\u00e2mara de C\u00e2mara vai \u00e0 Bras\u00edlia em busca do SAPL, R\u00e1dio e TV"},"content":{"rendered":"<div class=\"separator\" style=\"clear: both; text-align: center;\">\n<a href=\"https:\/\/4.bp.blogspot.com\/-HX7jfZ2WxwU\/WKPB_-UrrAI\/AAAAAAAAPos\/1oQi2DjS67IrAuaQ3QHQbXQhKGpyzle2ACLcB\/s1600\/lula.jpg\" imageanchor=\"1\" style=\"margin-left: 1em; margin-right: 1em;\"><img loading=\"lazy\" decoding=\"async\" border=\"0\" height=\"400\" src=\"http:\/\/blogdoedvaldomagalhaes.com.br\/wp-content\/uploads\/2017\/02\/lula.jpg\" width=\"296\" \/><\/a><\/div>\n<div class=\"separator\" style=\"clear: both; text-align: center;\">\n<\/div>\n<div class=\"separator\" style=\"clear: both; text-align: justify;\">\nO presidente da C\u00e2mara Municipal de Caruaru, Lula Torres (PDT), vai \u00e0 Bras\u00edlia nesta quarta-feira (15), em busca do programa SAPL, e implanta\u00e7\u00e3o de r\u00e1dio e televis\u00e3o na Casa Jornalista Jos\u00e9 Carlos Flor\u00eancio.<\/div>\n<div class=\"separator\" style=\"clear: both; text-align: justify;\">\n<\/div>\n<div class=\"separator\" style=\"clear: both; text-align: justify;\">\nO Sistema de Apoio ao Processo Legislativo (SAPL), uma ferramenta que informatiza o Processo Legislativo, sem custos financeiros para a C\u00e2mara.&nbsp;Entre suas principais fun\u00e7\u00f5es est\u00e3o:&nbsp;elabora\u00e7\u00e3o de proposi\u00e7\u00f5es;&nbsp;protocolo e tramita\u00e7\u00e3o das mat\u00e9rias legislativas;&nbsp;organiza\u00e7\u00e3o das sess\u00f5es plen\u00e1rias;&nbsp;manuten\u00e7\u00e3o da base de leis e consultas \u00e0s informa\u00e7\u00f5es sobre mesa diretora, comiss\u00f5es, parlamentares, ordem do dia e vota\u00e7\u00f5es.<\/div>\n<div class=\"separator\" style=\"clear: both; text-align: center;\">\n<a href=\"http:\/\/blogdoedvaldomagalhaes.com.br\/wp-content\/uploads\/2017\/02\/7-SINTRACON-6.jpg\" imageanchor=\"1\" style=\"clear: left; float: left; margin-bottom: 1em; margin-right: 1em;\"><img decoding=\"async\" border=\"0\" src=\"http:\/\/blogdoedvaldomagalhaes.com.br\/wp-content\/uploads\/2017\/02\/7-SINTRACON-6.jpg\" \/><\/a><\/div>\n<div class=\"separator\" style=\"clear: both; text-align: justify;\">\n<\/div>\n","protected":false},"excerpt":{"rendered":"<p>O presidente da C\u00e2mara Municipal de Caruaru, Lula Torres (PDT), vai \u00e0 Bras\u00edlia nesta quarta-feira (15), em busca do programa&hellip;<\/p>\n","protected":false},"author":1,"featured_media":0,"comment_status":"open","ping_status":"open","sticky":false,"template":"","format":"standard","meta":{"footnotes":""},"categories":[1],"tags":[992,1686,3634,20,9215,9216],"class_list":["post-6762","post","type-post","status-publish","format-standard","hentry","category-sem-categoria","tag-blog-do-edvaldo-do-magalhaes","tag-lula-torres","tag-pdt","tag-politica","tag-presidente-da-camara-de-camara-vai-a-brasilia-em-busca-do-sapl","tag-radio-e-tv"],"_links":{"self":[{"href":"https:\/\/blogdoedvaldomagalhaes.com.br\/index.php\/wp-json\/wp\/v2\/posts\/6762","targetHints":{"allow":["GET"]}}],"collection":[{"href":"https:\/\/blogdoedvaldomagalhaes.com.br\/index.php\/wp-json\/wp\/v2\/posts"}],"about":[{"href":"https:\/\/blogdoedvaldomagalhaes.com.br\/index.php\/wp-json\/wp\/v2\/types\/post"}],"author":[{"embeddable":true,"href":"https:\/\/blogdoedvaldomagalhaes.com.br\/index.php\/wp-json\/wp\/v2\/users\/1"}],"replies":[{"embeddable":true,"href":"https:\/\/blogdoedvaldomagalhaes.com.br\/index.php\/wp-json\/wp\/v2\/comments?post=6762"}],"version-history":[{"count":1,"href":"https:\/\/blogdoedvaldomagalhaes.com.br\/index.php\/wp-json\/wp\/v2\/posts\/6762\/revisions"}],"predecessor-version":[{"id":16925,"href":"https:\/\/blogdoedvaldomagalhaes.com.br\/index.php\/wp-json\/wp\/v2\/posts\/6762\/revisions\/16925"}],"wp:attachment":[{"href":"https:\/\/blogdoedvaldomagalhaes.com.br\/index.php\/wp-json\/wp\/v2\/media?parent=6762"}],"wp:term":[{"taxonomy":"category","embeddable":true,"href":"https:\/\/blogdoedvaldomagalhaes.com.br\/index.php\/wp-json\/wp\/v2\/categories?post=6762"},{"taxonomy":"post_tag","embeddable":true,"href":"https:\/\/blogdoedvaldomagalhaes.com.br\/index.php\/wp-json\/wp\/v2\/tags?post=6762"}],"curies":[{"name":"wp","href":"https:\/\/api.w.org\/{rel}","templated":true}]}}