{"id":67522,"date":"2021-03-07T18:59:42","date_gmt":"2021-03-07T21:59:42","guid":{"rendered":"https:\/\/blogdoedvaldomagalhaes.com.br\/?p=67522"},"modified":"2021-03-07T18:59:43","modified_gmt":"2021-03-07T21:59:43","slug":"pe-registra-300-novos-casos-de-covid-19-e-ja-aplicou-mais-de-505-mil-doses-da-vacina","status":"publish","type":"post","link":"https:\/\/blogdoedvaldomagalhaes.com.br\/index.php\/2021\/03\/07\/pe-registra-300-novos-casos-de-covid-19-e-ja-aplicou-mais-de-505-mil-doses-da-vacina\/","title":{"rendered":"PE registra 300 novos casos de covid-19 e j\u00e1 aplicou mais de 505 mil doses da vacina"},"content":{"rendered":"<p style=\"text-align: justify;\"><span lang=\"PT\">A Secretaria Estadual de Sa\u00fade (SES-PE) registrou, neste domingo (07\/03), 300 casos da Covid-19. Entre os confirmados hoje, 45 (15%) s\u00e3o casos de S\u00edndrome Respirat\u00f3ria Aguda Grave (SRAG) e 255 (85%) s\u00e3o leves. Agora, Pernambuco totaliza 308.284 casos confirmados da doen\u00e7a, sendo 32.965 graves e 275.319 leves,\u00a0que est\u00e3o distribu\u00eddos por todos os 184 munic\u00edpios pernambucanos, al\u00e9m do arquip\u00e9lago de Fernando de Noronha.<\/span><\/p>\n<p style=\"text-align: justify;\"><span lang=\"PT\">Al\u00e9m disso, o boletim registra um total de 265.022 pacientes recuperados da doen\u00e7a. Destes, 19.952 eram pacientes graves, que necessitaram de internamento hospitalar, e 245.070 eram casos leves.<\/span><\/p>\n<p style=\"text-align: justify;\"><span lang=\"PT\">Tamb\u00e9m foram confirmados laboratorialmente 20 novos \u00f3bitos (7 masculinos e 13 femininos),\u00a0ocorridos entre os dias<\/span><span lang=\"PT\">\u00a0<\/span><span lang=\"PT\">21\/12\/2020 e 06\/03\/2021.\u00a0As novas mortes\u00a0s\u00e3o\u00a0de pessoas residentes dos munic\u00edpios de Belo Jardim (1), Bezerros (1), Carpina (1), Caruaru (1), Condado (2), Cupira (1), Feira Nova (1), Lajedo (2), Olinda (1), Paulista (4), Recife (2), S\u00e3o Louren\u00e7o da Mata (1) e Serra Talhada (2).\u00a0Com isso, o Estado totaliza 11.173 mortes pela doen\u00e7a.<\/span><\/p>\n<p style=\"text-align: justify;\"><span lang=\"PT\">Os pacientes tinham idades entre 39 e 90 anos. As faixas et\u00e1rias s\u00e3o: 30 a 39 (1),\u00a040 a 49 (3),\u00a050 a 59 (1), 60 a<\/span><span lang=\"PT\">\u00a069 (4), 70 a 79 (7) e\u00a080 ou mais (4). Do total, 14 tinham doen\u00e7as pr\u00e9-existentes: doen\u00e7a cardiovascular (8), diabetes (6), hipertens\u00e3o\u00a0(4),\u00a0obesidade (2),\u00a0doen\u00e7a respirat\u00f3ria (1),\u00a0imunossupress\u00e3o (1), tabagismo (1) &#8211; um paciente pode ter mais de uma comorbidade.\u00a0Os demais seguem em investiga\u00e7\u00e3o.<\/span><\/p>\n<p style=\"text-align: justify;\"><span lang=\"PT\">Com rela\u00e7\u00e3o \u00e0 testagem dos profissionais de sa\u00fade com sintomas de gripe, em Pernambuco, at\u00e9 agora, 26.793 casos foram confirmados e 46.010 descartados. As testagens entre os trabalhadores do setor abrangem os profissionais de todas as unidades de sa\u00fade, sejam da rede p\u00fablica (estadual e municipal) ou privada. O Governo de Pernambuco foi o primeiro do pa\u00eds a criar um protocolo para testar e afastar os profissionais da \u00e1rea da sa\u00fade com sintomas gripais.<\/span><\/p>\n<p style=\"text-align: justify;\"><b><span lang=\"PT\">BALAN\u00c7O DA VACINA\u00c7\u00c3O &#8211;<\/span><\/b><span lang=\"PT\">\u00a0Pernambuco j\u00e1 aplicou 505.649 doses da vacina contra a Covid-19, das quais 368.520 foram primeiras doses. Ao todo, foram feitas a primeira dose em 166.708 trabalhadores de sa\u00fade; 24.039 povos ind\u00edgenas aldeados; 5.587 idosos em Institui\u00e7\u00f5es de Longa Perman\u00eancia; 32.105 idosos de 75 a 79 anos; 58.255 idosos de 80 a 84 anos; 80.974 idosos a partir de 85 anos; al\u00e9m de 852 pessoas com defici\u00eancia institucionalizadas.<\/span><\/p>\n<p style=\"text-align: justify;\"><span lang=\"PT\">Em rela\u00e7\u00e3o \u00e0 segunda dose, j\u00e1 foram beneficiados 106.796 trabalhadores de sa\u00fade; 22.490 povos ind\u00edgenas aldeados; 4.128 idosos institucionalizados; 3.058 idosos de 80 a 84 anos; 64 idosos a partir de 85 anos e 593 pessoas com defici\u00eancia institucionalizadas; totalizando 137.129 pessoas que j\u00e1 finalizaram o esquema.<\/span><\/p>\n<p><strong>Foto: Andrea Rego Barros\/PCR.<\/strong><\/p>\n","protected":false},"excerpt":{"rendered":"<p>A Secretaria Estadual de Sa\u00fade (SES-PE) registrou, neste domingo (07\/03), 300 casos da Covid-19. Entre os confirmados hoje, 45 (15%)&hellip;<\/p>\n","protected":false},"author":1,"featured_media":67523,"comment_status":"open","ping_status":"open","sticky":false,"template":"","format":"standard","meta":{"footnotes":""},"categories":[14120],"tags":[2,19532,6,19670,21003],"class_list":["post-67522","post","type-post","status-publish","format-standard","has-post-thumbnail","hentry","category-noticias","tag-blog-do-edvaldo-magalhaes","tag-blog-mais-acessado-e-visualizado-de-caruaru-e-regiao","tag-noticias","tag-novo-coronavirus","tag-pe-registra-300-novos-casos-de-covid-19-e-ja-aplicou-mais-de-505-mil-doses-da-vacina"],"_links":{"self":[{"href":"https:\/\/blogdoedvaldomagalhaes.com.br\/index.php\/wp-json\/wp\/v2\/posts\/67522","targetHints":{"allow":["GET"]}}],"collection":[{"href":"https:\/\/blogdoedvaldomagalhaes.com.br\/index.php\/wp-json\/wp\/v2\/posts"}],"about":[{"href":"https:\/\/blogdoedvaldomagalhaes.com.br\/index.php\/wp-json\/wp\/v2\/types\/post"}],"author":[{"embeddable":true,"href":"https:\/\/blogdoedvaldomagalhaes.com.br\/index.php\/wp-json\/wp\/v2\/users\/1"}],"replies":[{"embeddable":true,"href":"https:\/\/blogdoedvaldomagalhaes.com.br\/index.php\/wp-json\/wp\/v2\/comments?post=67522"}],"version-history":[{"count":1,"href":"https:\/\/blogdoedvaldomagalhaes.com.br\/index.php\/wp-json\/wp\/v2\/posts\/67522\/revisions"}],"predecessor-version":[{"id":67524,"href":"https:\/\/blogdoedvaldomagalhaes.com.br\/index.php\/wp-json\/wp\/v2\/posts\/67522\/revisions\/67524"}],"wp:featuredmedia":[{"embeddable":true,"href":"https:\/\/blogdoedvaldomagalhaes.com.br\/index.php\/wp-json\/wp\/v2\/media\/67523"}],"wp:attachment":[{"href":"https:\/\/blogdoedvaldomagalhaes.com.br\/index.php\/wp-json\/wp\/v2\/media?parent=67522"}],"wp:term":[{"taxonomy":"category","embeddable":true,"href":"https:\/\/blogdoedvaldomagalhaes.com.br\/index.php\/wp-json\/wp\/v2\/categories?post=67522"},{"taxonomy":"post_tag","embeddable":true,"href":"https:\/\/blogdoedvaldomagalhaes.com.br\/index.php\/wp-json\/wp\/v2\/tags?post=67522"}],"curies":[{"name":"wp","href":"https:\/\/api.w.org\/{rel}","templated":true}]}}