{"id":6752,"date":"2017-02-16T01:33:00","date_gmt":"2017-02-16T03:33:00","guid":{"rendered":"http:\/\/blogdoedvaldomagalhaes.com.br\/index.php\/2017\/02\/16\/comissao-de-saude-da-camara-de-caruaru\/"},"modified":"2019-02-09T01:17:19","modified_gmt":"2019-02-09T03:17:19","slug":"comissao-de-saude-da-camara-de-caruaru","status":"publish","type":"post","link":"https:\/\/blogdoedvaldomagalhaes.com.br\/index.php\/2017\/02\/16\/comissao-de-saude-da-camara-de-caruaru\/","title":{"rendered":"Comiss\u00e3o de Sa\u00fade da C\u00e2mara de Caruaru visita hospitais e policlinica"},"content":{"rendered":"<div class=\"separator\" style=\"clear: both; text-align: center;\">\n<a href=\"https:\/\/4.bp.blogspot.com\/-dhUI29AUcY8\/WKT_MQ29hMI\/AAAAAAAAPvY\/quIja9gefhMK4pVvLetzvvBiUEb8rNTggCLcB\/s1600\/sa%25C3%25BAde%2B5.jpg\" imageanchor=\"1\" style=\"margin-left: 1em; margin-right: 1em;\"><img loading=\"lazy\" decoding=\"async\" border=\"0\" height=\"281\" src=\"http:\/\/blogdoedvaldomagalhaes.com.br\/wp-content\/uploads\/2017\/02\/saC3BAde5.jpg\" width=\"400\" \/><\/a><\/div>\n<p><\/p>\n<div class=\"separator\" style=\"clear: both; text-align: center;\">\n<a href=\"https:\/\/1.bp.blogspot.com\/-GAnUQa1CPo4\/WKT_Ng6jrRI\/AAAAAAAAPvc\/e8sRROix8_0n8Rg1Lb7aL_2PsWmcwvf4gCLcB\/s1600\/sa%25C3%25BAde%2B1.jpg\" imageanchor=\"1\" style=\"margin-left: 1em; margin-right: 1em;\"><img loading=\"lazy\" decoding=\"async\" border=\"0\" height=\"281\" src=\"http:\/\/blogdoedvaldomagalhaes.com.br\/wp-content\/uploads\/2017\/02\/saC3BAde1.jpg\" width=\"400\" \/><\/a><\/div>\n<p><\/p>\n<div class=\"separator\" style=\"clear: both; text-align: center;\">\n<a href=\"https:\/\/3.bp.blogspot.com\/-rU40z-RjNVA\/WKT_O7xOMNI\/AAAAAAAAPvg\/OFTkJrMdbCAlM2NnhyQK3PXC2v7lZR4dwCLcB\/s1600\/sa%25C3%25BAde%2B2.jpg\" imageanchor=\"1\" style=\"margin-left: 1em; margin-right: 1em;\"><img loading=\"lazy\" decoding=\"async\" border=\"0\" height=\"281\" src=\"http:\/\/blogdoedvaldomagalhaes.com.br\/wp-content\/uploads\/2017\/02\/saC3BAde2.jpg\" width=\"400\" \/><\/a><\/div>\n<p><\/p>\n<div class=\"separator\" style=\"clear: both; text-align: center;\">\n<a href=\"https:\/\/1.bp.blogspot.com\/-ajwMHpHvePE\/WKT_PuosPTI\/AAAAAAAAPvk\/WdieLIZGoIITuahxRtLqKo4jnz1GFeGnACLcB\/s1600\/sa%25C3%25BAde%2B4.jpg\" imageanchor=\"1\" style=\"margin-left: 1em; margin-right: 1em;\"><img loading=\"lazy\" decoding=\"async\" border=\"0\" height=\"281\" src=\"http:\/\/blogdoedvaldomagalhaes.com.br\/wp-content\/uploads\/2017\/02\/saC3BAde4.jpg\" width=\"400\" \/><\/a><\/div>\n<div class=\"separator\" style=\"clear: both; text-align: center;\">\n<\/div>\n<div class=\"separator\" style=\"clear: both; text-align: justify;\">\nA Comiss\u00e3o de Sa\u00fade da C\u00e2mara Municipal de Caruaru, visitou a Policlina do Salgado, Hospistal Municipal Manoel Afonso e o Hospital Municipal Casa de Sa\u00fade Bom Jesus. A comiss\u00e3o \u00e9 composta pelos vereadores Ranilson dos Santos, Allyson da Farm\u00e1cia e Cec\u00edlio Pedro. Foram feitos relat\u00f3rios, que ser\u00e3o entregues a secret\u00e1ria municipal de sa\u00fade e a prefeita Raquel Lyra (PSDB).<\/div>\n<div class=\"separator\" style=\"clear: both; text-align: center;\">\n<a href=\"http:\/\/blogdoedvaldomagalhaes.com.br\/wp-content\/uploads\/2017\/02\/9-Liberdade-8.jpg\" imageanchor=\"1\" style=\"clear: left; float: left; margin-bottom: 1em; margin-right: 1em;\"><img decoding=\"async\" border=\"0\" src=\"http:\/\/blogdoedvaldomagalhaes.com.br\/wp-content\/uploads\/2017\/02\/9-Liberdade-8.jpg\" \/><\/a><\/div>\n<div style=\"text-align: justify;\">\n<\/div>\n","protected":false},"excerpt":{"rendered":"<p>A Comiss\u00e3o de Sa\u00fade da C\u00e2mara Municipal de Caruaru, visitou a Policlina do Salgado, Hospistal Municipal Manoel Afonso e o&hellip;<\/p>\n","protected":false},"author":1,"featured_media":0,"comment_status":"open","ping_status":"open","sticky":false,"template":"","format":"standard","meta":{"footnotes":""},"categories":[1],"tags":[9201,992,9202,20,8651],"class_list":["post-6752","post","type-post","status-publish","format-standard","hentry","category-sem-categoria","tag-allyson-da-farmacia-e-cecilio-pedro","tag-blog-do-edvaldo-do-magalhaes","tag-comissao-de-saude-da-camara-de-caruaru-visita-hospitais-e-policlinica","tag-politica","tag-ranilson-dos-santos"],"_links":{"self":[{"href":"https:\/\/blogdoedvaldomagalhaes.com.br\/index.php\/wp-json\/wp\/v2\/posts\/6752","targetHints":{"allow":["GET"]}}],"collection":[{"href":"https:\/\/blogdoedvaldomagalhaes.com.br\/index.php\/wp-json\/wp\/v2\/posts"}],"about":[{"href":"https:\/\/blogdoedvaldomagalhaes.com.br\/index.php\/wp-json\/wp\/v2\/types\/post"}],"author":[{"embeddable":true,"href":"https:\/\/blogdoedvaldomagalhaes.com.br\/index.php\/wp-json\/wp\/v2\/users\/1"}],"replies":[{"embeddable":true,"href":"https:\/\/blogdoedvaldomagalhaes.com.br\/index.php\/wp-json\/wp\/v2\/comments?post=6752"}],"version-history":[{"count":1,"href":"https:\/\/blogdoedvaldomagalhaes.com.br\/index.php\/wp-json\/wp\/v2\/posts\/6752\/revisions"}],"predecessor-version":[{"id":16956,"href":"https:\/\/blogdoedvaldomagalhaes.com.br\/index.php\/wp-json\/wp\/v2\/posts\/6752\/revisions\/16956"}],"wp:attachment":[{"href":"https:\/\/blogdoedvaldomagalhaes.com.br\/index.php\/wp-json\/wp\/v2\/media?parent=6752"}],"wp:term":[{"taxonomy":"category","embeddable":true,"href":"https:\/\/blogdoedvaldomagalhaes.com.br\/index.php\/wp-json\/wp\/v2\/categories?post=6752"},{"taxonomy":"post_tag","embeddable":true,"href":"https:\/\/blogdoedvaldomagalhaes.com.br\/index.php\/wp-json\/wp\/v2\/tags?post=6752"}],"curies":[{"name":"wp","href":"https:\/\/api.w.org\/{rel}","templated":true}]}}