{"id":67518,"date":"2021-03-07T12:43:53","date_gmt":"2021-03-07T15:43:53","guid":{"rendered":"https:\/\/blogdoedvaldomagalhaes.com.br\/?p=67518"},"modified":"2021-03-07T12:43:54","modified_gmt":"2021-03-07T15:43:54","slug":"pai-e-filho-morrem-apos-carro-capotar-e-colidir-em-poste-na-br-232","status":"publish","type":"post","link":"https:\/\/blogdoedvaldomagalhaes.com.br\/index.php\/2021\/03\/07\/pai-e-filho-morrem-apos-carro-capotar-e-colidir-em-poste-na-br-232\/","title":{"rendered":"Pai e filho morrem ap\u00f3s carro capotar e colidir em poste na BR-232"},"content":{"rendered":"<p style=\"text-align: justify;\">Um acidente de tr\u00e1nsito ocorreu por volta das 18h40, desse s\u00e1bado (7), no km 30 da BR 232, em Moreno, no sentido Recife.<\/p>\n<p style=\"text-align: justify;\">O motorista de um carro (HB20) perdeu o controle do ve\u00edculo, saiu da pista, capotou e colidiu em um poste.<\/p>\n<p style=\"text-align: justify;\">O motorista de 39 anos e o filho dele, de 4 anos, faleceram no local.<\/p>\n<p style=\"text-align: justify;\">Al\u00e9m da PRF, o SAMU, Corpo de Bombeiros, Instituto de Criminal\u00edstica e a Pol\u00edcia Civil estiveram no local. A Pol\u00edcia Civil de Jaboat\u00e3o dos Guararapes vai investigar o caso.<\/p>\n\n\n<figure class=\"wp-block-image size-large\"><img loading=\"lazy\" decoding=\"async\" width=\"1024\" height=\"854\" src=\"https:\/\/blogdoedvaldomagalhaes.com.br\/wp-content\/uploads\/2021\/03\/IMG-20210307-WA0025-1024x854.jpg\" alt=\"\" class=\"wp-image-67520\" srcset=\"https:\/\/blogdoedvaldomagalhaes.com.br\/wp-content\/uploads\/2021\/03\/IMG-20210307-WA0025-1024x854.jpg 1024w, https:\/\/blogdoedvaldomagalhaes.com.br\/wp-content\/uploads\/2021\/03\/IMG-20210307-WA0025-300x250.jpg 300w, https:\/\/blogdoedvaldomagalhaes.com.br\/wp-content\/uploads\/2021\/03\/IMG-20210307-WA0025-768x641.jpg 768w, https:\/\/blogdoedvaldomagalhaes.com.br\/wp-content\/uploads\/2021\/03\/IMG-20210307-WA0025.jpg 1039w\" sizes=\"auto, (max-width: 1024px) 100vw, 1024px\" \/><figcaption>Fotos: PRF\/Divulga\u00e7\u00e3o<\/figcaption><\/figure>\n","protected":false},"excerpt":{"rendered":"<p>Um acidente de tr\u00e1nsito ocorreu por volta das 18h40, desse s\u00e1bado (7), no km 30 da BR 232, em Moreno,&hellip;<\/p>\n","protected":false},"author":1,"featured_media":67519,"comment_status":"open","ping_status":"open","sticky":false,"template":"","format":"standard","meta":{"footnotes":""},"categories":[14120],"tags":[14276,2,19532,6,21002],"class_list":["post-67518","post","type-post","status-publish","format-standard","has-post-thumbnail","hentry","category-noticias","tag-acidente","tag-blog-do-edvaldo-magalhaes","tag-blog-mais-acessado-e-visualizado-de-caruaru-e-regiao","tag-noticias","tag-pai-e-filho-morrem-apos-carro-capotar-e-colidir-em-poste-na-br-232"],"_links":{"self":[{"href":"https:\/\/blogdoedvaldomagalhaes.com.br\/index.php\/wp-json\/wp\/v2\/posts\/67518","targetHints":{"allow":["GET"]}}],"collection":[{"href":"https:\/\/blogdoedvaldomagalhaes.com.br\/index.php\/wp-json\/wp\/v2\/posts"}],"about":[{"href":"https:\/\/blogdoedvaldomagalhaes.com.br\/index.php\/wp-json\/wp\/v2\/types\/post"}],"author":[{"embeddable":true,"href":"https:\/\/blogdoedvaldomagalhaes.com.br\/index.php\/wp-json\/wp\/v2\/users\/1"}],"replies":[{"embeddable":true,"href":"https:\/\/blogdoedvaldomagalhaes.com.br\/index.php\/wp-json\/wp\/v2\/comments?post=67518"}],"version-history":[{"count":1,"href":"https:\/\/blogdoedvaldomagalhaes.com.br\/index.php\/wp-json\/wp\/v2\/posts\/67518\/revisions"}],"predecessor-version":[{"id":67521,"href":"https:\/\/blogdoedvaldomagalhaes.com.br\/index.php\/wp-json\/wp\/v2\/posts\/67518\/revisions\/67521"}],"wp:featuredmedia":[{"embeddable":true,"href":"https:\/\/blogdoedvaldomagalhaes.com.br\/index.php\/wp-json\/wp\/v2\/media\/67519"}],"wp:attachment":[{"href":"https:\/\/blogdoedvaldomagalhaes.com.br\/index.php\/wp-json\/wp\/v2\/media?parent=67518"}],"wp:term":[{"taxonomy":"category","embeddable":true,"href":"https:\/\/blogdoedvaldomagalhaes.com.br\/index.php\/wp-json\/wp\/v2\/categories?post=67518"},{"taxonomy":"post_tag","embeddable":true,"href":"https:\/\/blogdoedvaldomagalhaes.com.br\/index.php\/wp-json\/wp\/v2\/tags?post=67518"}],"curies":[{"name":"wp","href":"https:\/\/api.w.org\/{rel}","templated":true}]}}