{"id":67513,"date":"2021-03-06T19:23:46","date_gmt":"2021-03-06T22:23:46","guid":{"rendered":"https:\/\/blogdoedvaldomagalhaes.com.br\/?p=67513"},"modified":"2021-03-06T19:46:18","modified_gmt":"2021-03-06T22:46:18","slug":"pernambuco-registra-1-664-novos-casos-de-covid-19-e-mais-34-mortes","status":"publish","type":"post","link":"https:\/\/blogdoedvaldomagalhaes.com.br\/index.php\/2021\/03\/06\/pernambuco-registra-1-664-novos-casos-de-covid-19-e-mais-34-mortes\/","title":{"rendered":"Pernambuco registra 1.664 novos casos de covid-19 e mais 34 mortes"},"content":{"rendered":"<p style=\"text-align: justify;\"><span style=\"font-family: verdana, sans-serif;\"><span lang=\"PT\">A Secretaria Estadual de Sa\u00fade (SES-PE) registrou, neste s\u00e1bado (06\/03), 1.664 casos da Covid-19. Entre os confirmados hoje, 75 (4,5%) s\u00e3o casos de S\u00edndrome Respirat\u00f3ria Aguda Grave (SRAG) e 1.589 (94,5%) s\u00e3o leves. Agora, Pernambuco totaliza 307.984 casos confirmados da doen\u00e7a, sendo 32.920 graves e 275.064 leves,\u00a0que est\u00e3o distribu\u00eddos por todos os 184 munic\u00edpios pernambucanos, al\u00e9m do arquip\u00e9lago de Fernando de Noronha.<\/span><\/span><\/p>\n<p style=\"text-align: justify;\"><span style=\"font-family: verdana, sans-serif;\"><span lang=\"PT\">Al\u00e9m disso, o boletim registra um total de 264.957 pacientes recuperados da doen\u00e7a. Destes, 19.950 eram pacientes graves, que necessitaram de internamento hospitalar, e 245.007 eram casos leves.<\/span><\/span><\/p>\n<p style=\"text-align: justify;\"><span style=\"font-family: verdana, sans-serif;\"><span lang=\"PT\">Tamb\u00e9m foram confirmados laboratorialmente 34 novos \u00f3bitos (17 masculinos e 17 femininos),\u00a0ocorridos entre os dias<\/span><span lang=\"PT\">\u00a0<\/span><span lang=\"PT\">20\/05\/2020 e 05\/03\/2021.\u00a0As novas mortes\u00a0s\u00e3o\u00a0de pessoas residentes dos munic\u00edpios de Araripina (1), Arcoverde (1), Bezerros (1), Bu\u00edque (1), Caruaru (1), Goiana (1), Igarassu (1), Jaboat\u00e3o dos Guararapes (2), Limoeiro (1), Macaparana (1), Moreno (1), Nazar\u00e9 da Mata (1), Ouricuri (1), Paulista (4), Petrolina (2), Recife (11), Surubim (1), Triunfo (1) e Verdejante (1).\u00a0Com isso, o Estado totaliza 11.153 mortes pela doen\u00e7a.<\/span><\/span><\/p>\n<p style=\"text-align: justify;\"><span style=\"font-family: verdana, sans-serif;\"><span lang=\"PT\">Os pacientes tinham idades entre 24 e 94 anos. As faixas et\u00e1rias s\u00e3o: 20 a 29 (1), 30 a 39 (2),\u00a040 a 49 (2),\u00a050 a 59 (6), 60 a<\/span><span lang=\"PT\">\u00a069 (7), 70 a 79 (8) e\u00a080 ou mais (8). Do total, 28 tinham doen\u00e7as pr\u00e9-existentes: doen\u00e7a cardiovascular (17), diabetes (13), doen\u00e7a respirat\u00f3ria (6), hipertens\u00e3o\u00a0(6),\u00a0obesidade (3),\u00a0c\u00e2ncer (2), doen\u00e7a hep\u00e1tica (1), doen\u00e7a renal (1), imunossupress\u00e3o (1)- um paciente pode ter mais de uma comorbidade.\u00a0Um n\u00e3o tinha comorbidade e os demais seguem em investiga\u00e7\u00e3o.<\/span><\/span><\/p>\n<p style=\"text-align: justify;\"><span lang=\"PT\"><span style=\"font-family: verdana, sans-serif;\">Com rela\u00e7\u00e3o \u00e0 testagem dos profissionais de sa\u00fade com sintomas de gripe, em Pernambuco, at\u00e9 agora, 26.786 casos foram confirmados e 45.998 descartados. As testagens entre os trabalhadores do setor abrangem os profissionais de todas as unidades de sa\u00fade, sejam da rede p\u00fablica (estadual e municipal) ou privada. O Governo de Pernambuco foi o primeiro do pa\u00eds a criar um protocolo para testar e afastar os profissionais da \u00e1rea da sa\u00fade com sintomas gripais.<\/span><\/span><\/p>\n<p style=\"text-align: justify;\"><span style=\"font-family: verdana, sans-serif;\"><b><span lang=\"PT\">REFOR\u00c7O NA REDE DE SA\u00daDE &#8211;<\/span><\/b><span lang=\"PT\">\u00a0O Governo de Pernambuco, por meio da Secretaria Estadual de Sa\u00fade (SES-PE), convoca mais 146 profissionais aprovados em concurso p\u00fablico para refor\u00e7ar os servi\u00e7os ligados \u00e0 rede estadual de sa\u00fade, com foco no refor\u00e7o da assist\u00eancia hospitalar, al\u00e9m das \u00e1reas administrativas e a\u00e7\u00f5es da Ag\u00eancia Pernambucana de Vigil\u00e2ncia em Sa\u00fade (Apevisa). A nomea\u00e7\u00e3o foi publicada no Di\u00e1rio Oficial (DOE) deste s\u00e1bado (06\/03). Com isso, j\u00e1 s\u00e3o 3.182 concursados chamados desde o in\u00edcio da pandemia do novo coronav\u00edrus.<\/span><\/span><\/p>\n<p style=\"text-align: justify;\"><span lang=\"PT\"><span style=\"font-family: verdana, sans-serif;\">Do total de trabalhadores convocados neste s\u00e1bado, 7 s\u00e3o m\u00e9dicos, 80 de outras profiss\u00f5es de n\u00edvel superior (analistas em sa\u00fade), 40 de n\u00edvel m\u00e9dio (assistente em sa\u00fade) e 19 fiscais de vigil\u00e2ncia em sa\u00fade para atua\u00e7\u00e3o na Apevisa. Neste chamamento, a SES-PE ampliar\u00e1 o quadro de pessoal de \u00e1reas administrativas da sua sede e das Geres. A Escola de Governo em Sa\u00fade P\u00fablica de Pernambuco (Esppe) e o Servi\u00e7o de Verifica\u00e7\u00e3o de \u00d3bitos (SVO) tamb\u00e9m foram contemplados com vagas.<\/span><\/span><\/p>\n<p style=\"text-align: justify;\"><span style=\"font-family: verdana, sans-serif;\"><span lang=\"PT\">\u201cO governador Paulo C\u00e2mara tem atendido constantemente nossos pedidos por nomea\u00e7\u00e3o de\u00a0<\/span>profissionais concursados para a rede ligada \u00e0 SES. Para se ter uma ideia, juntando todas as convoca\u00e7\u00f5es, j\u00e1 s\u00e3o 1.152 m\u00e9dicos nomeados, representando 36% de todos os convocados. Neste chamamento, al\u00e9m da rede hospitalar, ainda temos um olhar para as \u00e1reas t\u00e9cnicas da nossa Secretaria e\u00a0Geres,\u00a0de cargos indispens\u00e1veis para a produ\u00e7\u00e3o e an\u00e1lise de dados, al\u00e9m de monitoramento da rede. A\u00a0Apevisa\u00a0tamb\u00e9m foi contemplada para refor\u00e7armos as a\u00e7\u00f5es de fiscaliza\u00e7\u00e3o e vigil\u00e2ncia\u201d, afirma o secret\u00e1rio estadual de Sa\u00fade, Andr\u00e9 Longo.<\/span><\/p>\n<p style=\"text-align: justify;\"><span lang=\"PT\"><span style=\"font-family: verdana, sans-serif;\">Na nomea\u00e7\u00e3o, h\u00e1 vagas para os hospitais da Restaura\u00e7\u00e3o (HR), Bar\u00e3o de Lucena (HBL), Agamenon Magalh\u00e3es (HAM), Ot\u00e1vio de Freitas (HOF), Get\u00falio Vargas (HGV), Correia Pican\u00e7o (HCP), Geral de Areias (HGA) e Psiqui\u00e1trico Ulysses Pernambucano (HUP), no Recife; Jaboat\u00e3o Prazeres, em Jaboat\u00e3o dos Guararapes; Mirueira, em Paulista; Fernandes Salsa, em Limoeiro; Regional do Agreste (HRA) e Jesus Nazareno, em Caruaru; Dom Moura, em Garanhuns; In\u00e1cio de S\u00e1, em Salgueiro; Professor Agamenon Magalh\u00e3es, (Hospam) em Serra Talhada; e Belarmino Correia, em Goiana.<\/span><\/span><\/p>\n<p style=\"text-align: justify;\"><span lang=\"PT\"><span style=\"font-family: verdana, sans-serif;\">Est\u00e3o sendo chamados m\u00e9dicos das especialidades de cl\u00ednica geral, neurologia e tocoginecologia. Entre os analistas em sa\u00fade, farmac\u00eauticos, fisioterapeutas, fonoaudi\u00f3logos, sanitaristas, contadores e analistas em educa\u00e7\u00e3o em sa\u00fade. J\u00e1 entre os assistentes, t\u00e9cnicos de administra\u00e7\u00e3o e de necropsia. Os fiscais de vigil\u00e2ncia em sa\u00fade s\u00e3o formados em enfermagem, farm\u00e1cia e nutri\u00e7\u00e3o.<\/span><\/span><\/p>\n<p style=\"text-align: justify;\"><span lang=\"PT\"><span style=\"font-family: verdana, sans-serif;\">Al\u00e9m dos 3.182 aprovados em concurso p\u00fablico, a SES-PE tamb\u00e9m convocou 5.348 profissionais aprovados em sele\u00e7\u00f5es simplificadas, totalizando mais de 8,3 mil profissionais. Entre as sele\u00e7\u00f5es, atualmente, est\u00e3o sendo chamados 828 trabalhadores de sa\u00fade para iniciar suas atividades. Eles foram contactados por e-mail e t\u00eam at\u00e9 a pr\u00f3xima ter\u00e7a-feira (09\/03) para fazer o envio da documenta\u00e7\u00e3o.<\/span><\/span><\/p>\n<p style=\"text-align: justify;\"><span style=\"font-family: verdana, sans-serif;\"><b><span lang=\"PT\">BALAN\u00c7O DA VACINA\u00c7\u00c3O &#8211;<\/span><\/b><span lang=\"PT\">\u00a0Pernambuco j\u00e1 aplicou 498.612 doses da vacina contra a Covid-19, das quais 364.212 foram primeiras doses. Ao todo, foram feitas a primeira dose em 166.312 trabalhadores de sa\u00fade; 24.039 povos ind\u00edgenas aldeados; 5.587 idosos em Institui\u00e7\u00f5es de Longa Perman\u00eancia; 28.396 idosos de 75 a 79 anos; 58.098 idosos de 80 a 84 anos; 80.928 idosos a partir de 85 anos; al\u00e9m de 852 pessoas com defici\u00eancia institucionalizadas.<\/span><\/span><\/p>\n<p style=\"text-align: justify;\"><span lang=\"PT\"><span style=\"font-family: verdana, sans-serif;\">Em rela\u00e7\u00e3o \u00e0 segunda dose, j\u00e1 foram beneficiados 106.748 trabalhadores de sa\u00fade; 22.490 povos ind\u00edgenas aldeados; 4.128 idosos institucionalizados; 381 idosos de 80 a 84 anos; 60 idosos a partir de 85 anos e 593 pessoas com defici\u00eancia institucionalizadas; totalizando 134.400 pessoas que j\u00e1 finalizaram o esquema.<\/span><\/span><\/p>\n","protected":false},"excerpt":{"rendered":"<p>A Secretaria Estadual de Sa\u00fade (SES-PE) registrou, neste s\u00e1bado (06\/03), 1.664 casos da Covid-19. Entre os confirmados hoje, 75 (4,5%)&hellip;<\/p>\n","protected":false},"author":1,"featured_media":67511,"comment_status":"open","ping_status":"open","sticky":false,"template":"","format":"standard","meta":{"footnotes":""},"categories":[14120],"tags":[2,19532,19670,21001],"class_list":["post-67513","post","type-post","status-publish","format-standard","has-post-thumbnail","hentry","category-noticias","tag-blog-do-edvaldo-magalhaes","tag-blog-mais-acessado-e-visualizado-de-caruaru-e-regiao","tag-novo-coronavirus","tag-pernambuco-registra-1-664-novos-casos-de-covid-19-e-mais-34-mortes"],"_links":{"self":[{"href":"https:\/\/blogdoedvaldomagalhaes.com.br\/index.php\/wp-json\/wp\/v2\/posts\/67513","targetHints":{"allow":["GET"]}}],"collection":[{"href":"https:\/\/blogdoedvaldomagalhaes.com.br\/index.php\/wp-json\/wp\/v2\/posts"}],"about":[{"href":"https:\/\/blogdoedvaldomagalhaes.com.br\/index.php\/wp-json\/wp\/v2\/types\/post"}],"author":[{"embeddable":true,"href":"https:\/\/blogdoedvaldomagalhaes.com.br\/index.php\/wp-json\/wp\/v2\/users\/1"}],"replies":[{"embeddable":true,"href":"https:\/\/blogdoedvaldomagalhaes.com.br\/index.php\/wp-json\/wp\/v2\/comments?post=67513"}],"version-history":[{"count":2,"href":"https:\/\/blogdoedvaldomagalhaes.com.br\/index.php\/wp-json\/wp\/v2\/posts\/67513\/revisions"}],"predecessor-version":[{"id":67516,"href":"https:\/\/blogdoedvaldomagalhaes.com.br\/index.php\/wp-json\/wp\/v2\/posts\/67513\/revisions\/67516"}],"wp:featuredmedia":[{"embeddable":true,"href":"https:\/\/blogdoedvaldomagalhaes.com.br\/index.php\/wp-json\/wp\/v2\/media\/67511"}],"wp:attachment":[{"href":"https:\/\/blogdoedvaldomagalhaes.com.br\/index.php\/wp-json\/wp\/v2\/media?parent=67513"}],"wp:term":[{"taxonomy":"category","embeddable":true,"href":"https:\/\/blogdoedvaldomagalhaes.com.br\/index.php\/wp-json\/wp\/v2\/categories?post=67513"},{"taxonomy":"post_tag","embeddable":true,"href":"https:\/\/blogdoedvaldomagalhaes.com.br\/index.php\/wp-json\/wp\/v2\/tags?post=67513"}],"curies":[{"name":"wp","href":"https:\/\/api.w.org\/{rel}","templated":true}]}}