{"id":67506,"date":"2021-03-06T17:31:04","date_gmt":"2021-03-06T20:31:04","guid":{"rendered":"https:\/\/blogdoedvaldomagalhaes.com.br\/?p=67506"},"modified":"2021-03-06T17:34:30","modified_gmt":"2021-03-06T20:34:30","slug":"mais-146-concursados-sao-chamados-para-rede-estadual-de-saude","status":"publish","type":"post","link":"https:\/\/blogdoedvaldomagalhaes.com.br\/index.php\/2021\/03\/06\/mais-146-concursados-sao-chamados-para-rede-estadual-de-saude\/","title":{"rendered":"Mais 146 concursados s\u00e3o chamados para rede estadual de sa\u00fade"},"content":{"rendered":"<div style=\"text-align: justify;\"><span style=\"font-family: verdana, sans-serif;\">O Governo de Pernambuco, por meio da Secretaria Estadual de Sa\u00fade (SES-PE), convoca mais 146 profissionais aprovados em concurso p\u00fablico para refor\u00e7ar os servi\u00e7os ligados \u00e0 rede estadual de sa\u00fade, com foco no refor\u00e7o da assist\u00eancia hospitalar, al\u00e9m das \u00e1reas administrativas e a\u00e7\u00f5es da Ag\u00eancia Pernambucana de Vigil\u00e2ncia em Sa\u00fade (Apevisa), al\u00e9m de hospitais estaduais. A nomea\u00e7\u00e3o foi publicada no Di\u00e1rio Oficial (DOE) deste s\u00e1bado (06\/03). Com isso, j\u00e1 s\u00e3o 3.182 concursados chamados desde o in\u00edcio da pandemia do novo coronav\u00edrus.<\/span><\/div>\n<div style=\"text-align: justify;\"><span style=\"font-family: verdana, sans-serif;\">\u00a0<\/span><\/div>\n<div style=\"text-align: justify;\"><span style=\"font-family: verdana, sans-serif;\">Do total de trabalhadores convocados neste s\u00e1bado, 7 s\u00e3o m\u00e9dicos, 80 de outras profiss\u00f5es de n\u00edvel superior (analistas em sa\u00fade), 40 de n\u00edvel m\u00e9dio (assistente em sa\u00fade) e 19 fiscais de vigil\u00e2ncia em sa\u00fade para atua\u00e7\u00e3o na Apevisa. Neste chamamento, a SES-PE ampliar\u00e1 o quadro de pessoal de \u00e1reas administrativas da sua sede e das Geres. A Escola de Governo em Sa\u00fade P\u00fablica de Pernambuco (Esppe) e o Servi\u00e7o de Verifica\u00e7\u00e3o de \u00d3bitos (SVO) tamb\u00e9m foram contemplados com vagas.<\/span><\/div>\n<div style=\"text-align: justify;\"><span style=\"font-family: verdana, sans-serif;\">\u00a0<\/span><\/div>\n<div style=\"text-align: justify;\"><span style=\"font-family: verdana, sans-serif;\">\u201cO governador Paulo C\u00e2mara tem atendido constantemente nossos pedidos por nomea\u00e7\u00e3o de profissionais concursados para a rede ligada \u00e0 SES. Para se ter uma ideia, juntando todas as convoca\u00e7\u00f5es, j\u00e1 s\u00e3o 1.152 m\u00e9dicos nomeados, representando 36% de todos os convocados. Neste chamamento, al\u00e9m da rede hospitalar, ainda temos um olhar para as \u00e1reas t\u00e9cnicas da nossa Secretaria e Geres, de cargos indispens\u00e1veis para a produ\u00e7\u00e3o e an\u00e1lise de dados, al\u00e9m de monitoramento da rede. A Apevisa tamb\u00e9m foi contemplada para refor\u00e7armos as a\u00e7\u00f5es de fiscaliza\u00e7\u00e3o e vigil\u00e2ncia\u201d, afirma o secret\u00e1rio estadual de Sa\u00fade, Andr\u00e9 Longo.<\/span><\/div>\n<div style=\"text-align: justify;\"><span style=\"font-family: verdana, sans-serif;\">\u00a0<\/span><\/div>\n<div style=\"text-align: justify;\"><span style=\"font-family: verdana, sans-serif;\">Na nomea\u00e7\u00e3o, h\u00e1 vagas para os hospitais da Restaura\u00e7\u00e3o (HR), Bar\u00e3o de Lucena (HBL), Agamenon Magalh\u00e3es (HAM), Ot\u00e1vio de Freitas (HOF), Get\u00falio Vargas (HGV), Correia Pican\u00e7o (HCP), Geral de Areias (HGA) e Psiqui\u00e1trico Ulysses Pernambucano (HUP), no Recife; Jaboat\u00e3o Prazeres, em Jaboat\u00e3o dos Guararapes; Mirueira, em Paulista; Fernandes Salsa, em Limoeiro; Regional do Agreste (HRA) e Jesus Nazareno, em Caruaru; Dom Moura, em Garanhuns; In\u00e1cio de S\u00e1, em Salgueiro; Professor Agamenon Magalh\u00e3es, (Hospam) em Serra Talhada; e Belarmino Correia, em Goiana.<\/span><\/div>\n<div style=\"text-align: justify;\"><span style=\"font-family: verdana, sans-serif;\">\u00a0<\/span><\/div>\n<div style=\"text-align: justify;\"><span style=\"font-family: verdana, sans-serif;\">Est\u00e3o sendo chamados m\u00e9dicos das especialidades de cl\u00ednica geral, neurologia e tocoginecologia. Entre os analistas em sa\u00fade, farmac\u00eauticos, fisioterapeutas, fonoaudi\u00f3logos, sanitaristas, contadores e analistas em educa\u00e7\u00e3o em sa\u00fade. J\u00e1 entre os assistentes, t\u00e9cnicos de administra\u00e7\u00e3o e de necropsia. Os fiscais de vigil\u00e2ncia em sa\u00fade s\u00e3o formados em enfermagem, farm\u00e1cia e nutri\u00e7\u00e3o.<\/span><\/div>\n<div style=\"text-align: justify;\"><span style=\"font-family: verdana, sans-serif;\">\u00a0<\/span><\/div>\n<div style=\"text-align: justify;\"><span style=\"font-family: verdana, sans-serif;\">Al\u00e9m dos 3.182 aprovados em concurso p\u00fablico, a SES-PE tamb\u00e9m convocou 5.348 profissionais aprovados em sele\u00e7\u00f5es simplificadas, totalizando mais de 8,3 mil profissionais. Entre as sele\u00e7\u00f5es, atualmente, est\u00e3o sendo chamados 828 trabalhadores de sa\u00fade para iniciar suas atividades. Eles foram contactados por e-mail e t\u00eam at\u00e9 a pr\u00f3xima ter\u00e7a-feira (09\/03) para fazer o envio da documenta\u00e7\u00e3o.<\/span><\/div>\n<div>Foto: Heudes R\u00e9gis\/SEI.<\/div>\n","protected":false},"excerpt":{"rendered":"<p>O Governo de Pernambuco, por meio da Secretaria Estadual de Sa\u00fade (SES-PE), convoca mais 146 profissionais aprovados em concurso p\u00fablico&hellip;<\/p>\n","protected":false},"author":1,"featured_media":67508,"comment_status":"open","ping_status":"open","sticky":false,"template":"","format":"standard","meta":{"footnotes":""},"categories":[14120],"tags":[2,19532,20999,6],"class_list":["post-67506","post","type-post","status-publish","format-standard","has-post-thumbnail","hentry","category-noticias","tag-blog-do-edvaldo-magalhaes","tag-blog-mais-acessado-e-visualizado-de-caruaru-e-regiao","tag-mais-146-concursados-sao-chamados-para-rede-estadual-de-saude","tag-noticias"],"_links":{"self":[{"href":"https:\/\/blogdoedvaldomagalhaes.com.br\/index.php\/wp-json\/wp\/v2\/posts\/67506","targetHints":{"allow":["GET"]}}],"collection":[{"href":"https:\/\/blogdoedvaldomagalhaes.com.br\/index.php\/wp-json\/wp\/v2\/posts"}],"about":[{"href":"https:\/\/blogdoedvaldomagalhaes.com.br\/index.php\/wp-json\/wp\/v2\/types\/post"}],"author":[{"embeddable":true,"href":"https:\/\/blogdoedvaldomagalhaes.com.br\/index.php\/wp-json\/wp\/v2\/users\/1"}],"replies":[{"embeddable":true,"href":"https:\/\/blogdoedvaldomagalhaes.com.br\/index.php\/wp-json\/wp\/v2\/comments?post=67506"}],"version-history":[{"count":2,"href":"https:\/\/blogdoedvaldomagalhaes.com.br\/index.php\/wp-json\/wp\/v2\/posts\/67506\/revisions"}],"predecessor-version":[{"id":67509,"href":"https:\/\/blogdoedvaldomagalhaes.com.br\/index.php\/wp-json\/wp\/v2\/posts\/67506\/revisions\/67509"}],"wp:featuredmedia":[{"embeddable":true,"href":"https:\/\/blogdoedvaldomagalhaes.com.br\/index.php\/wp-json\/wp\/v2\/media\/67508"}],"wp:attachment":[{"href":"https:\/\/blogdoedvaldomagalhaes.com.br\/index.php\/wp-json\/wp\/v2\/media?parent=67506"}],"wp:term":[{"taxonomy":"category","embeddable":true,"href":"https:\/\/blogdoedvaldomagalhaes.com.br\/index.php\/wp-json\/wp\/v2\/categories?post=67506"},{"taxonomy":"post_tag","embeddable":true,"href":"https:\/\/blogdoedvaldomagalhaes.com.br\/index.php\/wp-json\/wp\/v2\/tags?post=67506"}],"curies":[{"name":"wp","href":"https:\/\/api.w.org\/{rel}","templated":true}]}}