{"id":67503,"date":"2021-03-06T11:43:59","date_gmt":"2021-03-06T14:43:59","guid":{"rendered":"https:\/\/blogdoedvaldomagalhaes.com.br\/?p=67503"},"modified":"2021-03-06T11:44:00","modified_gmt":"2021-03-06T14:44:00","slug":"vereador-galego-de-lajes-pede-instalacao-de-canos-para-abastecimento-de-agua-na-zona-rural","status":"publish","type":"post","link":"https:\/\/blogdoedvaldomagalhaes.com.br\/index.php\/2021\/03\/06\/vereador-galego-de-lajes-pede-instalacao-de-canos-para-abastecimento-de-agua-na-zona-rural\/","title":{"rendered":"Vereador Galego de Lajes pede instala\u00e7\u00e3o de canos para abastecimento de \u00e1gua na zona rural"},"content":{"rendered":"<p style=\"text-align: justify;\">O vereador Galego de Lajes (MD, apresentou quatro proposituras na Reuni\u00e3o Ordin\u00e1ria Plen\u00e1ria Virtual da C\u00e2mara Municipal de Caruaru, nessa quinta-feira (04), todas aprovadas por unanimidade. Confira:<\/p>\n<p style=\"text-align: justify;\">Requer a implanta\u00e7\u00e3o de REDUTORES DE VELOCIDADES no S\u00edtio Serra Velha, no trecho que se inicia no cal\u00e7amento da vila at\u00e9 o cemit\u00e9rio, 3\u00ba Distrito da Zona Rural de Caruaru-PE.<\/p>\n<p style=\"text-align: justify;\">Requer constru\u00e7\u00e3o e reparos do saneamento da Vila de Jacar\u00e9 Grande, 2\u00ba Distrito da Zona Rural, Munic\u00edpio de Caruaru, Estado de Pernambuco.<\/p>\n<p style=\"text-align: justify;\">Requer cobertura da quadra na Escola Maria Felix, localizada na Vila do Ju\u00e1, 2\u00b0 Distrito, Munic\u00edpio de Caruaru, Estado de Pernambuco.<\/p>\n<p style=\"text-align: justify;\">INDICA\u00c7\u00c3O- Instala\u00e7\u00e3o de canos para o abastecimento de \u00e1gua no \u201cLoteamento de Odon Ferreira\u201d, localizado na Vila de Malhada de Barreiras Queimadas, 2\u00ba Distrito, Zona Rural do munic\u00edpio de Caruaru \u2013 PE.<\/p>\n","protected":false},"excerpt":{"rendered":"<p>O vereador Galego de Lajes (MD, apresentou quatro proposituras na Reuni\u00e3o Ordin\u00e1ria Plen\u00e1ria Virtual da C\u00e2mara Municipal de Caruaru, nessa&hellip;<\/p>\n","protected":false},"author":1,"featured_media":67504,"comment_status":"open","ping_status":"open","sticky":false,"template":"","format":"standard","meta":{"footnotes":""},"categories":[14122],"tags":[2,19532,20,20998],"class_list":["post-67503","post","type-post","status-publish","format-standard","has-post-thumbnail","hentry","category-politica","tag-blog-do-edvaldo-magalhaes","tag-blog-mais-acessado-e-visualizado-de-caruaru-e-regiao","tag-politica","tag-vereador-galego-de-lajes-pede-instalacao-de-canos-para-abastecimento-de-agua-na-zona-rural"],"_links":{"self":[{"href":"https:\/\/blogdoedvaldomagalhaes.com.br\/index.php\/wp-json\/wp\/v2\/posts\/67503","targetHints":{"allow":["GET"]}}],"collection":[{"href":"https:\/\/blogdoedvaldomagalhaes.com.br\/index.php\/wp-json\/wp\/v2\/posts"}],"about":[{"href":"https:\/\/blogdoedvaldomagalhaes.com.br\/index.php\/wp-json\/wp\/v2\/types\/post"}],"author":[{"embeddable":true,"href":"https:\/\/blogdoedvaldomagalhaes.com.br\/index.php\/wp-json\/wp\/v2\/users\/1"}],"replies":[{"embeddable":true,"href":"https:\/\/blogdoedvaldomagalhaes.com.br\/index.php\/wp-json\/wp\/v2\/comments?post=67503"}],"version-history":[{"count":1,"href":"https:\/\/blogdoedvaldomagalhaes.com.br\/index.php\/wp-json\/wp\/v2\/posts\/67503\/revisions"}],"predecessor-version":[{"id":67505,"href":"https:\/\/blogdoedvaldomagalhaes.com.br\/index.php\/wp-json\/wp\/v2\/posts\/67503\/revisions\/67505"}],"wp:featuredmedia":[{"embeddable":true,"href":"https:\/\/blogdoedvaldomagalhaes.com.br\/index.php\/wp-json\/wp\/v2\/media\/67504"}],"wp:attachment":[{"href":"https:\/\/blogdoedvaldomagalhaes.com.br\/index.php\/wp-json\/wp\/v2\/media?parent=67503"}],"wp:term":[{"taxonomy":"category","embeddable":true,"href":"https:\/\/blogdoedvaldomagalhaes.com.br\/index.php\/wp-json\/wp\/v2\/categories?post=67503"},{"taxonomy":"post_tag","embeddable":true,"href":"https:\/\/blogdoedvaldomagalhaes.com.br\/index.php\/wp-json\/wp\/v2\/tags?post=67503"}],"curies":[{"name":"wp","href":"https:\/\/api.w.org\/{rel}","templated":true}]}}