{"id":6750,"date":"2017-02-16T08:00:00","date_gmt":"2017-02-16T10:00:00","guid":{"rendered":"http:\/\/blogdoedvaldomagalhaes.com.br\/index.php\/2017\/02\/16\/bloco-carnavalesco-ma-fama-desfila-e\/"},"modified":"2019-02-09T01:17:20","modified_gmt":"2019-02-09T03:17:20","slug":"bloco-carnavalesco-ma-fama-desfila-e","status":"publish","type":"post","link":"https:\/\/blogdoedvaldomagalhaes.com.br\/index.php\/2017\/02\/16\/bloco-carnavalesco-ma-fama-desfila-e\/","title":{"rendered":"Bloco carnavalesco &#8220;M\u00e1 Fama&#8221; desfila em Caruaru s\u00e1bado (18)"},"content":{"rendered":"<div class=\"separator\" style=\"clear: both; text-align: center;\">\n<a href=\"https:\/\/3.bp.blogspot.com\/-34XxtYa1BJo\/WKTbeSZuUcI\/AAAAAAAAPtc\/LXzfZvg6r7MXO3ZAuTLMCzvAkveyTAdLgCLcB\/s1600\/bloco%2Bmarcolino.jpeg\" imageanchor=\"1\" style=\"margin-left: 1em; margin-right: 1em;\"><img loading=\"lazy\" decoding=\"async\" border=\"0\" height=\"300\" src=\"http:\/\/blogdoedvaldomagalhaes.com.br\/wp-content\/uploads\/2017\/02\/blocomarcolino.jpeg\" width=\"400\" \/><\/a><\/div>\n<div class=\"separator\" style=\"clear: both; text-align: center;\">\n<\/div>\n<div style=\"background: rgb(255, 255, 255); letter-spacing: -0.02em; line-height: 1.45em; outline: 0px; padding: 0px 0px 1.5em; text-align: justify;\">\nNo pr\u00f3ximo s\u00e1bado (18) um grupo de amigos realiza o carnaval da &#8216;M\u00e1 Fama&#8217;, pelo terceiro ano consecutivo, que come\u00e7ou com&nbsp;uma brincadeira, e ter\u00e1 orquestras de frevo, e ser\u00e1 em frente da casa de shows Outra Bossa. Nesse ano a pr\u00e9via presta homenagem ao jornalista e colunista social Marcolino J\u00fanior, que foi assassinado em 2016. Marcolino esteve com eles nos dois primeiros anos. O&nbsp;bloco serve de esquenta para a Confraria da Sucata, que ocorre tamb\u00e9m no s\u00e1bado \u00e0 tarde, na rua Jo\u00e3o Cond\u00e9, centro de Caruaru.<\/p>\n<div class=\"separator\" style=\"clear: both; text-align: center;\">\n<a href=\"http:\/\/blogdoedvaldomagalhaes.com.br\/wp-content\/uploads\/2017\/02\/2-SISMUC-9.jpg\" imageanchor=\"1\" style=\"clear: left; float: left; margin-bottom: 1em; margin-right: 1em;\"><img decoding=\"async\" border=\"0\" src=\"http:\/\/blogdoedvaldomagalhaes.com.br\/wp-content\/uploads\/2017\/02\/2-SISMUC-9.jpg\" \/><\/a><\/div>\n<p><\/div>\n<p><\/p>\n","protected":false},"excerpt":{"rendered":"<p>No pr\u00f3ximo s\u00e1bado (18) um grupo de amigos realiza o carnaval da &#8216;M\u00e1 Fama&#8217;, pelo terceiro ano consecutivo, que come\u00e7ou&hellip;<\/p>\n","protected":false},"author":1,"featured_media":0,"comment_status":"open","ping_status":"open","sticky":false,"template":"","format":"standard","meta":{"footnotes":""},"categories":[1],"tags":[9194,992,9195,9196,6,9197,9167],"class_list":["post-6750","post","type-post","status-publish","format-standard","hentry","category-sem-categoria","tag-bloco-carnavalesco-ma-fama-desfila-em-caruaru-sabado-18","tag-blog-do-edvaldo-do-magalhaes","tag-confraria-do-sucata","tag-marcolino-junior","tag-noticias","tag-outra-bossa","tag-rua-joao-conde"],"_links":{"self":[{"href":"https:\/\/blogdoedvaldomagalhaes.com.br\/index.php\/wp-json\/wp\/v2\/posts\/6750","targetHints":{"allow":["GET"]}}],"collection":[{"href":"https:\/\/blogdoedvaldomagalhaes.com.br\/index.php\/wp-json\/wp\/v2\/posts"}],"about":[{"href":"https:\/\/blogdoedvaldomagalhaes.com.br\/index.php\/wp-json\/wp\/v2\/types\/post"}],"author":[{"embeddable":true,"href":"https:\/\/blogdoedvaldomagalhaes.com.br\/index.php\/wp-json\/wp\/v2\/users\/1"}],"replies":[{"embeddable":true,"href":"https:\/\/blogdoedvaldomagalhaes.com.br\/index.php\/wp-json\/wp\/v2\/comments?post=6750"}],"version-history":[{"count":1,"href":"https:\/\/blogdoedvaldomagalhaes.com.br\/index.php\/wp-json\/wp\/v2\/posts\/6750\/revisions"}],"predecessor-version":[{"id":16962,"href":"https:\/\/blogdoedvaldomagalhaes.com.br\/index.php\/wp-json\/wp\/v2\/posts\/6750\/revisions\/16962"}],"wp:attachment":[{"href":"https:\/\/blogdoedvaldomagalhaes.com.br\/index.php\/wp-json\/wp\/v2\/media?parent=6750"}],"wp:term":[{"taxonomy":"category","embeddable":true,"href":"https:\/\/blogdoedvaldomagalhaes.com.br\/index.php\/wp-json\/wp\/v2\/categories?post=6750"},{"taxonomy":"post_tag","embeddable":true,"href":"https:\/\/blogdoedvaldomagalhaes.com.br\/index.php\/wp-json\/wp\/v2\/tags?post=6750"}],"curies":[{"name":"wp","href":"https:\/\/api.w.org\/{rel}","templated":true}]}}