{"id":67487,"date":"2021-03-05T19:08:20","date_gmt":"2021-03-05T22:08:20","guid":{"rendered":"https:\/\/blogdoedvaldomagalhaes.com.br\/?p=67487"},"modified":"2021-03-05T21:46:28","modified_gmt":"2021-03-06T00:46:28","slug":"mae-e-filho-sao-arremessados-de-carro-que-capotou-e-colidiu-em-poste-na-br-232","status":"publish","type":"post","link":"https:\/\/blogdoedvaldomagalhaes.com.br\/index.php\/2021\/03\/05\/mae-e-filho-sao-arremessados-de-carro-que-capotou-e-colidiu-em-poste-na-br-232\/","title":{"rendered":"M\u00e3e e filho s\u00e3o arremessados de carro que capotou e colidiu em poste na BR 232"},"content":{"rendered":"<p style=\"text-align: justify;\">Um acidente de tr\u00e2nsito ocorreu por volta das 14h1, desta sexta-feira (05), no km 94,9 da BR 232, em Sair\u00e9, no sentido Caruaru.<\/p>\n<p style=\"text-align: justify;\">O motorista de um carro perdeu o controle do ve\u00edculo, saiu da pista, capotou e colidiu em um poste.<\/p>\n<p style=\"text-align: justify;\">O motorista Josivaldo, ficou sentindo dores e foi atendido no local, a<span style=\"font-size: inherit;\"> esposa dele de nome Ivaneide Soares e o filho Emanoel Soares, de 19 anos, foram arremessados do ve\u00edculo, os tr\u00eas s\u00e3o do Alto do Moura, em Caruaru. Eles ficaram feridos e foram socorridos para o Hospital de Bezerros, a m\u00e3e foi transferida para um hospital em Recife, e infelizmente o jovem veio a \u00f3bito.<\/span><\/p>\n\n\n<figure class=\"wp-block-image size-large\"><img loading=\"lazy\" decoding=\"async\" width=\"576\" height=\"1024\" src=\"https:\/\/blogdoedvaldomagalhaes.com.br\/wp-content\/uploads\/2021\/03\/IMG-20210305-WA0125-576x1024.jpg\" alt=\"\" class=\"wp-image-67489\" srcset=\"https:\/\/blogdoedvaldomagalhaes.com.br\/wp-content\/uploads\/2021\/03\/IMG-20210305-WA0125-576x1024.jpg 576w, https:\/\/blogdoedvaldomagalhaes.com.br\/wp-content\/uploads\/2021\/03\/IMG-20210305-WA0125-169x300.jpg 169w, https:\/\/blogdoedvaldomagalhaes.com.br\/wp-content\/uploads\/2021\/03\/IMG-20210305-WA0125.jpg 720w\" sizes=\"auto, (max-width: 576px) 100vw, 576px\" \/><\/figure>\n\n\n\n<figure class=\"wp-block-image size-large\"><img loading=\"lazy\" decoding=\"async\" width=\"1024\" height=\"576\" src=\"https:\/\/blogdoedvaldomagalhaes.com.br\/wp-content\/uploads\/2021\/03\/IMG-20210305-WA0123-1024x576.jpg\" alt=\"\" class=\"wp-image-67490\" srcset=\"https:\/\/blogdoedvaldomagalhaes.com.br\/wp-content\/uploads\/2021\/03\/IMG-20210305-WA0123-1024x576.jpg 1024w, https:\/\/blogdoedvaldomagalhaes.com.br\/wp-content\/uploads\/2021\/03\/IMG-20210305-WA0123-300x169.jpg 300w, https:\/\/blogdoedvaldomagalhaes.com.br\/wp-content\/uploads\/2021\/03\/IMG-20210305-WA0123-768x432.jpg 768w, https:\/\/blogdoedvaldomagalhaes.com.br\/wp-content\/uploads\/2021\/03\/IMG-20210305-WA0123-1140x641.jpg 1140w, https:\/\/blogdoedvaldomagalhaes.com.br\/wp-content\/uploads\/2021\/03\/IMG-20210305-WA0123-720x405.jpg 720w, https:\/\/blogdoedvaldomagalhaes.com.br\/wp-content\/uploads\/2021\/03\/IMG-20210305-WA0123.jpg 1280w\" sizes=\"auto, (max-width: 1024px) 100vw, 1024px\" \/><figcaption>Fotos: PRF\/Divulga\u00e7\u00e3o<\/figcaption><\/figure>\n","protected":false},"excerpt":{"rendered":"<p>Um acidente de tr\u00e2nsito ocorreu por volta das 14h1, desta sexta-feira (05), no km 94,9 da BR 232, em Sair\u00e9,&hellip;<\/p>\n","protected":false},"author":1,"featured_media":67488,"comment_status":"open","ping_status":"open","sticky":false,"template":"","format":"standard","meta":{"footnotes":""},"categories":[14120],"tags":[14276,2,19532,20996,6],"class_list":["post-67487","post","type-post","status-publish","format-standard","has-post-thumbnail","hentry","category-noticias","tag-acidente","tag-blog-do-edvaldo-magalhaes","tag-blog-mais-acessado-e-visualizado-de-caruaru-e-regiao","tag-mae-e-filho-sao-arremessados-de-carro-que-capotou-e-colidiu-em-poste-na-br-232","tag-noticias"],"_links":{"self":[{"href":"https:\/\/blogdoedvaldomagalhaes.com.br\/index.php\/wp-json\/wp\/v2\/posts\/67487","targetHints":{"allow":["GET"]}}],"collection":[{"href":"https:\/\/blogdoedvaldomagalhaes.com.br\/index.php\/wp-json\/wp\/v2\/posts"}],"about":[{"href":"https:\/\/blogdoedvaldomagalhaes.com.br\/index.php\/wp-json\/wp\/v2\/types\/post"}],"author":[{"embeddable":true,"href":"https:\/\/blogdoedvaldomagalhaes.com.br\/index.php\/wp-json\/wp\/v2\/users\/1"}],"replies":[{"embeddable":true,"href":"https:\/\/blogdoedvaldomagalhaes.com.br\/index.php\/wp-json\/wp\/v2\/comments?post=67487"}],"version-history":[{"count":4,"href":"https:\/\/blogdoedvaldomagalhaes.com.br\/index.php\/wp-json\/wp\/v2\/posts\/67487\/revisions"}],"predecessor-version":[{"id":67497,"href":"https:\/\/blogdoedvaldomagalhaes.com.br\/index.php\/wp-json\/wp\/v2\/posts\/67487\/revisions\/67497"}],"wp:featuredmedia":[{"embeddable":true,"href":"https:\/\/blogdoedvaldomagalhaes.com.br\/index.php\/wp-json\/wp\/v2\/media\/67488"}],"wp:attachment":[{"href":"https:\/\/blogdoedvaldomagalhaes.com.br\/index.php\/wp-json\/wp\/v2\/media?parent=67487"}],"wp:term":[{"taxonomy":"category","embeddable":true,"href":"https:\/\/blogdoedvaldomagalhaes.com.br\/index.php\/wp-json\/wp\/v2\/categories?post=67487"},{"taxonomy":"post_tag","embeddable":true,"href":"https:\/\/blogdoedvaldomagalhaes.com.br\/index.php\/wp-json\/wp\/v2\/tags?post=67487"}],"curies":[{"name":"wp","href":"https:\/\/api.w.org\/{rel}","templated":true}]}}