{"id":67482,"date":"2021-03-05T14:19:01","date_gmt":"2021-03-05T17:19:01","guid":{"rendered":"https:\/\/blogdoedvaldomagalhaes.com.br\/?p=67482"},"modified":"2021-03-05T14:19:02","modified_gmt":"2021-03-05T17:19:02","slug":"pernambuco-vai-oferecer-transporte-gratuito-para-quem-perdeu-emprego-na-pandemia","status":"publish","type":"post","link":"https:\/\/blogdoedvaldomagalhaes.com.br\/index.php\/2021\/03\/05\/pernambuco-vai-oferecer-transporte-gratuito-para-quem-perdeu-emprego-na-pandemia\/","title":{"rendered":"Pernambuco vai oferecer transporte gratuito para quem perdeu emprego na pandemia"},"content":{"rendered":"<p style=\"text-align: justify;\">O Governo de Pernambuco quer oferecer acesso gratuito a usu\u00e1rios do transporte p\u00fablico de passageiros da Regi\u00e3o Metropolitana do Recife que perderam o emprego durante a pandemia do novo coronav\u00edrus. O projeto de lei com a proposta foi enviado nesta quinta-feira, dia 04\/03, \u00e0 Assembleia Legislativa de Pernambuco (Alepe) para ser votado pelos deputados estaduais. A iniciativa \u00e9 direcionada aos usu\u00e1rios que residem no Grande Recife, demitidos a partir de mar\u00e7o de 2020, e que ganhavam at\u00e9 dois sal\u00e1rios m\u00ednimos. O intuito \u00e9 beneficiar aproximadamente 20 mil pessoas por m\u00eas, durante o per\u00edodo de um ano &#8211; podendo ser prorrogado pelo mesmo per\u00edodo.<\/p>\n<p style=\"text-align: justify;\">Como funcionar\u00e1 \u27a1 O usu\u00e1rio receber\u00e1 cr\u00e9dito mensal de at\u00e9 20 bilhetes do Anel A. Esses cr\u00e9ditos eletr\u00f4nicos de viagens dever\u00e3o ser utilizados fora do hor\u00e1rio de pico, para n\u00e3o pressionar o sistema de transportes. A inscri\u00e7\u00e3o do candidato no programa ser\u00e1 realizada pela Secretaria de Trabalho, Emprego e Qualifica\u00e7\u00e3o, que dever\u00e1 encaminhar os cadastros ao Grande Recife Cons\u00f3rcio de Transportes, observando os crit\u00e9rios de elegibilidade previstos no projeto.<\/p>\n","protected":false},"excerpt":{"rendered":"<p>O Governo de Pernambuco quer oferecer acesso gratuito a usu\u00e1rios do transporte p\u00fablico de passageiros da Regi\u00e3o Metropolitana do Recife&hellip;<\/p>\n","protected":false},"author":1,"featured_media":67483,"comment_status":"open","ping_status":"open","sticky":false,"template":"","format":"standard","meta":{"footnotes":""},"categories":[14120],"tags":[2,19532,17559,6,19670,20995],"class_list":["post-67482","post","type-post","status-publish","format-standard","has-post-thumbnail","hentry","category-noticias","tag-blog-do-edvaldo-magalhaes","tag-blog-mais-acessado-e-visualizado-de-caruaru-e-regiao","tag-covid-19","tag-noticias","tag-novo-coronavirus","tag-pernambuco-vai-oferecer-transporte-gratuito-para-quem-perdeu-emprego-na-pandemia"],"_links":{"self":[{"href":"https:\/\/blogdoedvaldomagalhaes.com.br\/index.php\/wp-json\/wp\/v2\/posts\/67482","targetHints":{"allow":["GET"]}}],"collection":[{"href":"https:\/\/blogdoedvaldomagalhaes.com.br\/index.php\/wp-json\/wp\/v2\/posts"}],"about":[{"href":"https:\/\/blogdoedvaldomagalhaes.com.br\/index.php\/wp-json\/wp\/v2\/types\/post"}],"author":[{"embeddable":true,"href":"https:\/\/blogdoedvaldomagalhaes.com.br\/index.php\/wp-json\/wp\/v2\/users\/1"}],"replies":[{"embeddable":true,"href":"https:\/\/blogdoedvaldomagalhaes.com.br\/index.php\/wp-json\/wp\/v2\/comments?post=67482"}],"version-history":[{"count":1,"href":"https:\/\/blogdoedvaldomagalhaes.com.br\/index.php\/wp-json\/wp\/v2\/posts\/67482\/revisions"}],"predecessor-version":[{"id":67484,"href":"https:\/\/blogdoedvaldomagalhaes.com.br\/index.php\/wp-json\/wp\/v2\/posts\/67482\/revisions\/67484"}],"wp:featuredmedia":[{"embeddable":true,"href":"https:\/\/blogdoedvaldomagalhaes.com.br\/index.php\/wp-json\/wp\/v2\/media\/67483"}],"wp:attachment":[{"href":"https:\/\/blogdoedvaldomagalhaes.com.br\/index.php\/wp-json\/wp\/v2\/media?parent=67482"}],"wp:term":[{"taxonomy":"category","embeddable":true,"href":"https:\/\/blogdoedvaldomagalhaes.com.br\/index.php\/wp-json\/wp\/v2\/categories?post=67482"},{"taxonomy":"post_tag","embeddable":true,"href":"https:\/\/blogdoedvaldomagalhaes.com.br\/index.php\/wp-json\/wp\/v2\/tags?post=67482"}],"curies":[{"name":"wp","href":"https:\/\/api.w.org\/{rel}","templated":true}]}}