{"id":67479,"date":"2021-03-05T12:42:11","date_gmt":"2021-03-05T15:42:11","guid":{"rendered":"https:\/\/blogdoedvaldomagalhaes.com.br\/?p=67479"},"modified":"2021-03-05T12:42:12","modified_gmt":"2021-03-05T15:42:12","slug":"deputado-tony-gel-pede-ao-governo-do-estado-auxilio-para-os-artistas-de-caruaru","status":"publish","type":"post","link":"https:\/\/blogdoedvaldomagalhaes.com.br\/index.php\/2021\/03\/05\/deputado-tony-gel-pede-ao-governo-do-estado-auxilio-para-os-artistas-de-caruaru\/","title":{"rendered":"Deputado Tony Gel pede ao Governo do Estado aux\u00edlio para os artistas de Caruaru"},"content":{"rendered":"<p style=\"text-align: justify;\"><span style=\"font-size: inherit;\">O deputado Estadual Tony Gel (MDB), solicitou ao governador do Estado, Paulo C\u00e2mara e aos gestores dos 184\u00a0<\/span><\/p>\n<p style=\"text-align: justify;\">munic\u00edpios pernambucanos, para que seja estudada a possibilidade de conceder um <br \/>aux\u00edlio financeiro aos artistas e m\u00fasicos que, costumeiramente, trabalham no Ciclo <br \/>Junino, e que, pelo agravamento da Covid-19, provavelmente, n\u00e3o poder\u00e3o trabalhar <br \/>neste ano de 2021.<\/p>\n<p style=\"text-align: justify;\">Tony Gel lembrou que a<br \/>exemplo do aux\u00edlio que o governo do Estado concedeu aos artistas do Ciclo de Momo <br \/>(Carnaval), e como bem sinalizou o presidente da Funda\u00e7\u00e3o do Patrim\u00f4nio Hist\u00f3rico e <br \/>Art\u00edstico de Pernambuco (Fundarpe), Marcelo Canuto, que poderia acontecer tamb\u00e9m <br \/>como os artistas ligados ao Ciclo Junino, seja refor\u00e7ada a necessidade de que os gestores <br \/>estaduais e municipais se unam nesse esfor\u00e7o para dar algum suporte financeiro aos <br \/>mesmos.<\/p>\n<p style=\"text-align: justify;\"><br \/>&#8220;Infelizmente, devido \u00e0 baixa cobertura vacinal em todo o pa\u00eds e com a explos\u00e3o de <br \/>milhares de casos di\u00e1rios, e mesmo contando com o esfor\u00e7o que o governador Paulo <br \/>C\u00e2mara vem fazendo para conseguir mais vacinas, com o intuito de acelerar a imuniza\u00e7\u00e3o do povo pernambucano, precisamos ser realistas e fazer um planejamento antecipado para socorrer essa categoria de trabalhadores sazonais, onde, geralmente, o \u201cdinheiro\u201d que ganham no per\u00edodo junino, ajuda-os a sobreviver, tamb\u00e9m, nos meses de baixa demanda pelo seu tipo de m\u00fasica e arte&#8221; destacou o parlamentar.<\/p>\n\n\n<p><\/p>\n","protected":false},"excerpt":{"rendered":"<p>O deputado Estadual Tony Gel (MDB), solicitou ao governador do Estado, Paulo C\u00e2mara e aos gestores dos 184\u00a0 munic\u00edpios pernambucanos,&hellip;<\/p>\n","protected":false},"author":1,"featured_media":67480,"comment_status":"open","ping_status":"open","sticky":false,"template":"","format":"standard","meta":{"footnotes":""},"categories":[14122],"tags":[2,19532,20994,1950],"class_list":["post-67479","post","type-post","status-publish","format-standard","has-post-thumbnail","hentry","category-politica","tag-blog-do-edvaldo-magalhaes","tag-blog-mais-acessado-e-visualizado-de-caruaru-e-regiao","tag-deputado-tony-gel-pede-ao-governo-do-estado-auxilio-para-os-artistas-de-caruaru","tag-noticias-de-caruaru"],"_links":{"self":[{"href":"https:\/\/blogdoedvaldomagalhaes.com.br\/index.php\/wp-json\/wp\/v2\/posts\/67479","targetHints":{"allow":["GET"]}}],"collection":[{"href":"https:\/\/blogdoedvaldomagalhaes.com.br\/index.php\/wp-json\/wp\/v2\/posts"}],"about":[{"href":"https:\/\/blogdoedvaldomagalhaes.com.br\/index.php\/wp-json\/wp\/v2\/types\/post"}],"author":[{"embeddable":true,"href":"https:\/\/blogdoedvaldomagalhaes.com.br\/index.php\/wp-json\/wp\/v2\/users\/1"}],"replies":[{"embeddable":true,"href":"https:\/\/blogdoedvaldomagalhaes.com.br\/index.php\/wp-json\/wp\/v2\/comments?post=67479"}],"version-history":[{"count":1,"href":"https:\/\/blogdoedvaldomagalhaes.com.br\/index.php\/wp-json\/wp\/v2\/posts\/67479\/revisions"}],"predecessor-version":[{"id":67481,"href":"https:\/\/blogdoedvaldomagalhaes.com.br\/index.php\/wp-json\/wp\/v2\/posts\/67479\/revisions\/67481"}],"wp:featuredmedia":[{"embeddable":true,"href":"https:\/\/blogdoedvaldomagalhaes.com.br\/index.php\/wp-json\/wp\/v2\/media\/67480"}],"wp:attachment":[{"href":"https:\/\/blogdoedvaldomagalhaes.com.br\/index.php\/wp-json\/wp\/v2\/media?parent=67479"}],"wp:term":[{"taxonomy":"category","embeddable":true,"href":"https:\/\/blogdoedvaldomagalhaes.com.br\/index.php\/wp-json\/wp\/v2\/categories?post=67479"},{"taxonomy":"post_tag","embeddable":true,"href":"https:\/\/blogdoedvaldomagalhaes.com.br\/index.php\/wp-json\/wp\/v2\/tags?post=67479"}],"curies":[{"name":"wp","href":"https:\/\/api.w.org\/{rel}","templated":true}]}}