{"id":67476,"date":"2021-03-05T12:21:21","date_gmt":"2021-03-05T15:21:21","guid":{"rendered":"https:\/\/blogdoedvaldomagalhaes.com.br\/?p=67476"},"modified":"2021-03-05T12:21:22","modified_gmt":"2021-03-05T15:21:22","slug":"vereador-jorge-quintino-debate-energia-renovavel-com-especialistas-de-recife","status":"publish","type":"post","link":"https:\/\/blogdoedvaldomagalhaes.com.br\/index.php\/2021\/03\/05\/vereador-jorge-quintino-debate-energia-renovavel-com-especialistas-de-recife\/","title":{"rendered":"Vereador Jorge Quintino debate Energia Renov\u00e1vel com especialistas de Recife"},"content":{"rendered":"<p style=\"text-align: justify;\"><span style=\"font-size: inherit;\">O vereador Jorge Quintino, esteve na manh\u00e3 desta sexta-feira (05), na capital pernambucana, reunido com especialistas de Energia Renov\u00e1vel.<\/span><\/p>\n<p style=\"text-align: justify;\">\u201cPor se tratar de uma energia limpa, ela serve para minimizar o consumo das indu\u0301strias e oferecer a sustentabilidade necess\u00e1ria para melhorar a qualidade de vida das pessoas. Queremos e precisamos ampliar essa tecnologia dentro do nosso munic\u00edpio\u201d, disse o vereador.<\/p>\n<p style=\"text-align: justify;\">Estiveram presentes na reuni\u00e3o, os especialistas no setor Clesio e Rodolfo, os empres\u00e1rios caruaruenses Andr\u00e9 Sobral e Elizama Marques. E, fazendo parte da equipe do vereador, Isabella Tabosa (chefe de gabinete e assessora de imprensa) e Ibrain Pereira (consultor de projetos especiais).<\/p>\n","protected":false},"excerpt":{"rendered":"<p>O vereador Jorge Quintino, esteve na manh\u00e3 desta sexta-feira (05), na capital pernambucana, reunido com especialistas de Energia Renov\u00e1vel. \u201cPor&hellip;<\/p>\n","protected":false},"author":1,"featured_media":67477,"comment_status":"open","ping_status":"open","sticky":false,"template":"","format":"standard","meta":{"footnotes":""},"categories":[14122],"tags":[2,19532,1950,20993],"class_list":["post-67476","post","type-post","status-publish","format-standard","has-post-thumbnail","hentry","category-politica","tag-blog-do-edvaldo-magalhaes","tag-blog-mais-acessado-e-visualizado-de-caruaru-e-regiao","tag-noticias-de-caruaru","tag-vereador-jorge-quintino-debate-energia-renovavel-com-especialistas-de-recife"],"_links":{"self":[{"href":"https:\/\/blogdoedvaldomagalhaes.com.br\/index.php\/wp-json\/wp\/v2\/posts\/67476","targetHints":{"allow":["GET"]}}],"collection":[{"href":"https:\/\/blogdoedvaldomagalhaes.com.br\/index.php\/wp-json\/wp\/v2\/posts"}],"about":[{"href":"https:\/\/blogdoedvaldomagalhaes.com.br\/index.php\/wp-json\/wp\/v2\/types\/post"}],"author":[{"embeddable":true,"href":"https:\/\/blogdoedvaldomagalhaes.com.br\/index.php\/wp-json\/wp\/v2\/users\/1"}],"replies":[{"embeddable":true,"href":"https:\/\/blogdoedvaldomagalhaes.com.br\/index.php\/wp-json\/wp\/v2\/comments?post=67476"}],"version-history":[{"count":1,"href":"https:\/\/blogdoedvaldomagalhaes.com.br\/index.php\/wp-json\/wp\/v2\/posts\/67476\/revisions"}],"predecessor-version":[{"id":67478,"href":"https:\/\/blogdoedvaldomagalhaes.com.br\/index.php\/wp-json\/wp\/v2\/posts\/67476\/revisions\/67478"}],"wp:featuredmedia":[{"embeddable":true,"href":"https:\/\/blogdoedvaldomagalhaes.com.br\/index.php\/wp-json\/wp\/v2\/media\/67477"}],"wp:attachment":[{"href":"https:\/\/blogdoedvaldomagalhaes.com.br\/index.php\/wp-json\/wp\/v2\/media?parent=67476"}],"wp:term":[{"taxonomy":"category","embeddable":true,"href":"https:\/\/blogdoedvaldomagalhaes.com.br\/index.php\/wp-json\/wp\/v2\/categories?post=67476"},{"taxonomy":"post_tag","embeddable":true,"href":"https:\/\/blogdoedvaldomagalhaes.com.br\/index.php\/wp-json\/wp\/v2\/tags?post=67476"}],"curies":[{"name":"wp","href":"https:\/\/api.w.org\/{rel}","templated":true}]}}